{"id":14724,"date":"2012-05-02T00:00:00","date_gmt":"2012-05-02T03:00:00","guid":{"rendered":"http:\/\/vocesdebaires.com.ar\/wordpress\/index.php\/2012\/05\/02\/velez-consiguio-un-gran-triunfo-en-colombia\/"},"modified":"2012-05-02T00:00:00","modified_gmt":"2012-05-02T03:00:00","slug":"velez-consiguio-un-gran-triunfo-en-colombia","status":"publish","type":"post","link":"https:\/\/vocesdebaires.com.ar\/index.php\/2012\/05\/02\/velez-consiguio-un-gran-triunfo-en-colombia\/","title":{"rendered":"V\u00e9lez consigui\u00f3 un gran triunfo en Colombia"},"content":{"rendered":"<p>\u00a0<br \/>\n\u00a0<br \/>\nV\u00e9lez Sarsfield logr\u00f3 en la noche del martes una bella y significativa victoria con el 1-0 ante Atl\u00e9tico Nacional, en Medell\u00edn, Colombia, en partido de ida por los octavos de final de la Copa Libertadores de Am\u00e9rica.El gol tan valioso como visitante lo consigui\u00f3 el mediocampista Iv\u00e1n Bella, a los 8 minutos del primer tiempo, al valerse de un remate de zurda cruzado, que ingres\u00f3 junto al poste derecho del argentino Gast\u00f3n Pezzuti.Como el desquite se realizar\u00e1 en el Estadio Jos\u00e9 Amalfitani el martes pr\u00f3ximo, este triunfo de los de Liniers es un aporte por dem\u00e1s importante para el objetivo inmediato en esta competencia internacional, que l\u00f3gicamente consiste en acceder a los cuartos de final.V\u00e9lez pudo haber obtenido inclusive un triunfo m\u00e1s contundente, ya que Juan Manuel Mart\u00ednez ejecut\u00f3 un penal, a los 9 minutos del segundo per\u00edodo, pero se lo frustr\u00f3 Pezzuti.El equipo de Ricardo Gareca sac\u00f3 la diferencia pronto por ese zurdazo esquinado y picante de Bella y luego mantuvo la situaci\u00f3n controlada, sin sobresaltos.Es m\u00e1s, el Fortinero pudo haber aumentado en dos ocasiones en esa etapa, las dos a cargo de Lucas Pratto, pero la primera se la tap\u00f3 Pezzuti y en la otra tir\u00f3 por encima del travesa\u00f1o.Al local le cost\u00f3 llegar hasta la valla de Marcelo Barovero y cuando lo hizo ese peligroso e id\u00f3neo artillero que es Dorlan Pab\u00f3n dispar\u00f3 por encima del horizontal.En el segundo segmento, a los 8 minutos, Mart\u00ednez se intern\u00f3 en el \u00e1rea de los colombianos, pero Alejandro Bernal lo derrib\u00f3 y el uruguayo Dar\u00edo Ubriaco acert\u00f3 al cobrar el penal.De la ejecuci\u00f3n se ocup\u00f3 el Burrito, pero Pezzuti ataj\u00f3 el env\u00edo arroj\u00e1ndose hacia su derecha, aunque adelant\u00e1ndose sin que lo advirtiera el juez Ubriaco.Una de las pocas chances que tuvieron los cafeteros para igualar qued\u00f3 en los pies de Pab\u00f3n, pero Barovero se impuso en el mano a mano.Hasta el ep\u00edlogo insisti\u00f3 el conjunto albiverde y a los 37 dispuso de otra oportunidad aislada, pero el espl\u00e9ndido tiro libre que tom\u00f3 Juan Quinteros fue desviado por Barovero vali\u00e9ndose de un vuelo hacia su \u00e1ngulo superior izquierdo.En definitiva, V\u00e9lez gan\u00f3 con justicia porque fue el mejor de los dos bandos y, cuando se torn\u00f3 necesario, la garant\u00eda en el Estadio Atanasio Girardot la puso Barovero.<br \/>\n\u00a0<br \/>\nS\u00edntesis<br \/>\n\u00a0<br \/>\nAtl\u00e9tico Nacional (0): Gast\u00f3n Pezzuti; Alejandro Bernal, Cristian Tula, Alexis Henr\u00edquez, Farid D\u00edaz; Sebasti\u00e1n P\u00e9rez, Alex\u00e1nder Mej\u00eda, Jherson C\u00f3rdoba; Macnelly Torres; Dorlan Pab\u00f3n y Luis Fernando Mosquera. Entrenador: Santiago Escobar.<br \/>\n\u00a0<br \/>\nV\u00e9lez (1): Marcelo Barovero; Fabi\u00e1n Cubero, Sebasti\u00e1n Dom\u00ednguez, Fernando Ortiz, Emiliano Papa; Iv\u00e1n Bella, Francisco Cerro, V\u00edctor Zapata, Alejandro Cabral; Juan Manuel Mart\u00ednez y Mauro Obolo. Entrenador: Ricardo Gareca.<br \/>\n\u00a0<br \/>\nGol: en el primer tiempo, a los 8 minutos, Bella(VS).<br \/>\n\u00a0<br \/>\nCambios: en el primer tiempo, a los 34 minutos, Juan Quintero por P\u00e9rez(AN). En el segundo tiempo, a los 23 minutos, Diego Alvarez por C\u00f3rdoba(AN); a los 28, Gino Peruzzi por Bella(VS); a los 34, Federico Ins\u00faa por Mart\u00ednez(VS); a los 40, Juan Valencia por D\u00edaz(AN); a los 43, Leandro Des\u00e1bato por Zapata(VS).<br \/>\n\u00a0<br \/>\nIncidencias: en el segundo tiempo, a los 9 minutos, Pezzuti(AN) le contuvo un penal a Mart\u00ednez(VS).<br \/>\n\u00a0<br \/>\nArbitro: Dar\u00edo Ubr\u00edaco (Uruguay).<br \/>\n\u00a0<br \/>\nEstadio: Anastacio Girardot, de Medell\u00edn.<br \/>\n\u00a0<\/p>\n","protected":false},"excerpt":{"rendered":"<p>\u00a0 \u00a0 V\u00e9lez Sarsfield logr\u00f3 en la noche del martes una bella y significativa victoria con el 1-0 ante Atl\u00e9tico Nacional, en Medell\u00edn, Colombia, en partido de ida por los octavos de final de la Copa Libertadores de Am\u00e9rica.El gol tan valioso como visitante lo consigui\u00f3 el mediocampista Iv\u00e1n Bella, a los 8 minutos del [&hellip;]<\/p>\n","protected":false},"author":2,"featured_media":0,"comment_status":"open","ping_status":"open","sticky":false,"template":"","format":"standard","meta":{"_et_pb_use_builder":"","_et_pb_old_content":"","_et_gb_content_width":"","footnotes":""},"categories":[14,50],"tags":[],"class_list":["post-14724","post","type-post","status-publish","format-standard","hentry","category-deportes","category-futbol-internacional-2"],"_links":{"self":[{"href":"https:\/\/vocesdebaires.com.ar\/index.php\/wp-json\/wp\/v2\/posts\/14724"}],"collection":[{"href":"https:\/\/vocesdebaires.com.ar\/index.php\/wp-json\/wp\/v2\/posts"}],"about":[{"href":"https:\/\/vocesdebaires.com.ar\/index.php\/wp-json\/wp\/v2\/types\/post"}],"author":[{"embeddable":true,"href":"https:\/\/vocesdebaires.com.ar\/index.php\/wp-json\/wp\/v2\/users\/2"}],"replies":[{"embeddable":true,"href":"https:\/\/vocesdebaires.com.ar\/index.php\/wp-json\/wp\/v2\/comments?post=14724"}],"version-history":[{"count":0,"href":"https:\/\/vocesdebaires.com.ar\/index.php\/wp-json\/wp\/v2\/posts\/14724\/revisions"}],"wp:attachment":[{"href":"https:\/\/vocesdebaires.com.ar\/index.php\/wp-json\/wp\/v2\/media?parent=14724"}],"wp:term":[{"taxonomy":"category","embeddable":true,"href":"https:\/\/vocesdebaires.com.ar\/index.php\/wp-json\/wp\/v2\/categories?post=14724"},{"taxonomy":"post_tag","embeddable":true,"href":"https:\/\/vocesdebaires.com.ar\/index.php\/wp-json\/wp\/v2\/tags?post=14724"}],"curies":[{"name":"wp","href":"https:\/\/api.w.org\/{rel}","templated":true}]}}