{"id":1476,"date":"2020-07-03T03:00:00","date_gmt":"2020-07-03T06:00:00","guid":{"rendered":"http:\/\/vocesdebaires.com.ar\/wordpress\/index.php\/2020\/07\/03\/donaciones-de-asociacion-del-barrio-chino\/"},"modified":"2020-07-03T03:00:00","modified_gmt":"2020-07-03T06:00:00","slug":"donaciones-de-asociacion-del-barrio-chino","status":"publish","type":"post","link":"https:\/\/vocesdebaires.com.ar\/index.php\/2020\/07\/03\/donaciones-de-asociacion-del-barrio-chino\/","title":{"rendered":"Donaciones de Asociaci\u00f3n del Barrio Chino"},"content":{"rendered":"<p>La premisa de contener a los sectores m\u00e1s vulnerables viene siendo una de las pol\u00edticas m\u00e1s importantes de la Comuna 13 y se intensific\u00f3 con la llegada de la pandemia. Tal es as\u00ed que la presidenta de la Junta, Florencia Scavino, junto a los comuneros Juli\u00e1n Angelucci, Federico Wortley Elizabeth Gazali y Yuan Chi Cheng, articularon una enorme cadena solidaria que permiti\u00f3 que la Asociaci\u00f3n del Barrio Chino en Buenos Aires pueda realizar importantes donaciones al Hospital Pirovano, la Fundaci\u00f3n el Pobre de As\u00eds, Scouts, Colegiales Solidaria, el Comedor Mar\u00eda Eva y Caritas.<\/p>\n<p>\u201cEl compromiso de la Junta es acompa\u00f1ar y contener a los que m\u00e1s lo necesitan. Gracias a la colaboraci\u00f3n de las autoridades de la Asociaci\u00f3n del Barrio Chino en Buenos Aires logramos unir voluntades y llevar adelante importantes donaciones\u201d, afirm\u00f3 Scavino, quien tambi\u00e9n comparti\u00f3 una de las jornadas solidarias con las autoridades de la Legislatura porte\u00f1a, legisladores Agust\u00edn Forchieri y Adri\u00e1n Varela. Otro que acompa\u00f1o la movida fue el ex legislador mandato cumplido Fernando Yuan, quien hace una semana particip\u00f3 de la primera entrega y donaci\u00f3n al Hospital Pirovano, que recibi\u00f3 2000 barbijos kn95 para el personal m\u00e9dico.<\/p>\n<p>Por su parte, la Fundaci\u00f3n el Pobre de As\u00eds, Scouts, Colegiales Solidaria, el Comedor Mar\u00eda Eva y Caritas recibieron miles de productos no perecederos y art\u00edculos de limpieza como az\u00facar, harina, yerba, fideos, lavandinas y detergentes. Todo esto se logr\u00f3 bajo la organizaci\u00f3n activa de la Junta Comunal 13, que promete seguir transitando por la senda de la solidaridad y asistir a todos los frentes necesarios para que la gente en situaci\u00f3n de calle o con otras necesidades de la Comuna pueda estar mejor. \u201cQuiero agradecer a todos los que se involucraron y resaltar que vamos a seguir trabajando con la Junta para llegar a cada persona y familia que lo necesite.\u201d, finaliz\u00f3 Scavino.<\/p>\n","protected":false},"excerpt":{"rendered":"<p>La premisa de contener a los sectores m\u00e1s vulnerables viene siendo una de las pol\u00edticas m\u00e1s importantes de la Comuna 13 y se intensific\u00f3 con la llegada de la pandemia. Tal es as\u00ed que la presidenta de la Junta, Florencia Scavino, junto a los comuneros Juli\u00e1n Angelucci, Federico Wortley Elizabeth Gazali y Yuan Chi Cheng, [&hellip;]<\/p>\n","protected":false},"author":1,"featured_media":1477,"comment_status":"open","ping_status":"open","sticky":false,"template":"","format":"standard","meta":{"_et_pb_use_builder":"","_et_pb_old_content":"","_et_gb_content_width":"","footnotes":""},"categories":[11,32],"tags":[],"class_list":["post-1476","post","type-post","status-publish","format-standard","has-post-thumbnail","hentry","category-ciudad","category-comunas"],"_links":{"self":[{"href":"https:\/\/vocesdebaires.com.ar\/index.php\/wp-json\/wp\/v2\/posts\/1476"}],"collection":[{"href":"https:\/\/vocesdebaires.com.ar\/index.php\/wp-json\/wp\/v2\/posts"}],"about":[{"href":"https:\/\/vocesdebaires.com.ar\/index.php\/wp-json\/wp\/v2\/types\/post"}],"author":[{"embeddable":true,"href":"https:\/\/vocesdebaires.com.ar\/index.php\/wp-json\/wp\/v2\/users\/1"}],"replies":[{"embeddable":true,"href":"https:\/\/vocesdebaires.com.ar\/index.php\/wp-json\/wp\/v2\/comments?post=1476"}],"version-history":[{"count":0,"href":"https:\/\/vocesdebaires.com.ar\/index.php\/wp-json\/wp\/v2\/posts\/1476\/revisions"}],"wp:featuredmedia":[{"embeddable":true,"href":"https:\/\/vocesdebaires.com.ar\/index.php\/wp-json\/wp\/v2\/media\/1477"}],"wp:attachment":[{"href":"https:\/\/vocesdebaires.com.ar\/index.php\/wp-json\/wp\/v2\/media?parent=1476"}],"wp:term":[{"taxonomy":"category","embeddable":true,"href":"https:\/\/vocesdebaires.com.ar\/index.php\/wp-json\/wp\/v2\/categories?post=1476"},{"taxonomy":"post_tag","embeddable":true,"href":"https:\/\/vocesdebaires.com.ar\/index.php\/wp-json\/wp\/v2\/tags?post=1476"}],"curies":[{"name":"wp","href":"https:\/\/api.w.org\/{rel}","templated":true}]}}