{"id":1478,"date":"2020-07-03T03:00:00","date_gmt":"2020-07-03T06:00:00","guid":{"rendered":"http:\/\/vocesdebaires.com.ar\/wordpress\/index.php\/2020\/07\/03\/detuvieronun-hombre-por-herir-a-su-ex-mujer\/"},"modified":"2020-07-03T03:00:00","modified_gmt":"2020-07-03T06:00:00","slug":"detuvieronun-hombre-por-herir-a-su-ex-mujer","status":"publish","type":"post","link":"https:\/\/vocesdebaires.com.ar\/index.php\/2020\/07\/03\/detuvieronun-hombre-por-herir-a-su-ex-mujer\/","title":{"rendered":"Detuvieron:Un Hombre por herir a su ex mujer"},"content":{"rendered":"<p>Personal de la Divisi\u00f3n Sumarios y Brigadas de Prevenci\u00f3n de la Comisar\u00eda Comunal 5 de la Polic\u00eda de la Ciudad realiz\u00f3 un allanamiento, junto a efectivos de los grupos especiales DOEM y DOU, en la vivienda situada en la calle Alsina al 2.500, de un hombre que hab\u00eda herido de gravedad el pasado lunes a una mujer con una navaja, tras una discusi\u00f3n entre ellos. La v\u00edctima, que ya hab\u00eda advertido otras situaciones de violencia del agresor, fue asistida r\u00e1pidamente en el hospital y pudo ser dada de alta horas m\u00e1s tarde. El imputado, que luego del violento hecho se dio a la fuga, fue interceptado por los oficiales a 15 metros de su casa, en el momento en que intentaba escapar a pie, gracias a la denuncia que recibi\u00f3 la Polic\u00eda de la Ciudad y la orden de allanamiento que dict\u00f3 el Juzgado Nacional en lo Criminal y Correccional N\u00famero 8, a cargo de la doctora Bern\u00e1n y ante la Secretar\u00eda N\u00famero 125.<\/p>\n<p>Al llegar a la vivienda en el barrio de Balvanera, los efectivos de la Comisar\u00eda Comunal 5 junto a las divisiones especiales ingresaron y, luego de una maniobra de distracci\u00f3n de la madre del involucrado, pudieron dar con el agresor.Siguiendo las \u00f3rdenes del magistrado interventor, se lo detuvo y traslad\u00f3 a la dependencia de la zona de la Polic\u00eda de la Ciudad por homicidio agravado en grado de tentativa. El agresor de 35 a\u00f1os tiene un extenso prontuario en los \u00faltimos a\u00f1os en distintas causas por robo agravado y uso de arma de fuego, lesiones leves y amenazas, y hasta por infringir el art\u00edculo 205 del C\u00f3digo Penal (violaci\u00f3n de la cuarentena).<\/p>\n","protected":false},"excerpt":{"rendered":"<p>Personal de la Divisi\u00f3n Sumarios y Brigadas de Prevenci\u00f3n de la Comisar\u00eda Comunal 5 de la Polic\u00eda de la Ciudad realiz\u00f3 un allanamiento, junto a efectivos de los grupos especiales DOEM y DOU, en la vivienda situada en la calle Alsina al 2.500, de un hombre que hab\u00eda herido de gravedad el pasado lunes a [&hellip;]<\/p>\n","protected":false},"author":1,"featured_media":1479,"comment_status":"open","ping_status":"open","sticky":false,"template":"","format":"standard","meta":{"_et_pb_use_builder":"","_et_pb_old_content":"","_et_gb_content_width":"","footnotes":""},"categories":[11,32],"tags":[],"class_list":["post-1478","post","type-post","status-publish","format-standard","has-post-thumbnail","hentry","category-ciudad","category-comunas"],"_links":{"self":[{"href":"https:\/\/vocesdebaires.com.ar\/index.php\/wp-json\/wp\/v2\/posts\/1478"}],"collection":[{"href":"https:\/\/vocesdebaires.com.ar\/index.php\/wp-json\/wp\/v2\/posts"}],"about":[{"href":"https:\/\/vocesdebaires.com.ar\/index.php\/wp-json\/wp\/v2\/types\/post"}],"author":[{"embeddable":true,"href":"https:\/\/vocesdebaires.com.ar\/index.php\/wp-json\/wp\/v2\/users\/1"}],"replies":[{"embeddable":true,"href":"https:\/\/vocesdebaires.com.ar\/index.php\/wp-json\/wp\/v2\/comments?post=1478"}],"version-history":[{"count":0,"href":"https:\/\/vocesdebaires.com.ar\/index.php\/wp-json\/wp\/v2\/posts\/1478\/revisions"}],"wp:featuredmedia":[{"embeddable":true,"href":"https:\/\/vocesdebaires.com.ar\/index.php\/wp-json\/wp\/v2\/media\/1479"}],"wp:attachment":[{"href":"https:\/\/vocesdebaires.com.ar\/index.php\/wp-json\/wp\/v2\/media?parent=1478"}],"wp:term":[{"taxonomy":"category","embeddable":true,"href":"https:\/\/vocesdebaires.com.ar\/index.php\/wp-json\/wp\/v2\/categories?post=1478"},{"taxonomy":"post_tag","embeddable":true,"href":"https:\/\/vocesdebaires.com.ar\/index.php\/wp-json\/wp\/v2\/tags?post=1478"}],"curies":[{"name":"wp","href":"https:\/\/api.w.org\/{rel}","templated":true}]}}