{"id":1490,"date":"2020-07-02T03:51:32","date_gmt":"2020-07-02T06:51:32","guid":{"rendered":"http:\/\/vocesdebaires.com.ar\/wordpress\/index.php\/2020\/07\/02\/ciudad-asi-se-desinfecta-por-covid-19\/"},"modified":"2020-07-02T03:51:32","modified_gmt":"2020-07-02T06:51:32","slug":"ciudad-asi-se-desinfecta-por-covid-19","status":"publish","type":"post","link":"https:\/\/vocesdebaires.com.ar\/index.php\/2020\/07\/02\/ciudad-asi-se-desinfecta-por-covid-19\/","title":{"rendered":"Ciudad: As\u00ed se desinfecta por Covid-19"},"content":{"rendered":"<p>El Ministerio de Espacio P\u00fablico e Higiene Urbana refuerza el plan de desinfecci\u00f3n en calles y espacios verdes para que estar en los espacios comunes sea m\u00e1s limpio y seguro.En el marco de la pandemia de Covid-19, el Ministerio de Espacio P\u00fablico intensifica la limpieza de calles, veredas, contenedores, parques y mobiliario urbano con hipoclorito de sodio, a fin de garantizar la desinfecci\u00f3n de la Ciudad para trabajadores y vecinos. Una foto galer\u00eda muestra la manera en que se realiza la desinfecci\u00f3n en los espacios p\u00fablicos. Ante la situaci\u00f3n que estamos viviendo es fundamental incrementar la higiene en los espacios comunes. Si ten\u00e9s que salir de tu casa, record\u00e1 que es muy importante respetar la distancia de dos metros entre persona y persona. Para prevenir el coronavirus se necesita del cuidado y el compromiso de todos.<\/p>\n","protected":false},"excerpt":{"rendered":"<p>El Ministerio de Espacio P\u00fablico e Higiene Urbana refuerza el plan de desinfecci\u00f3n en calles y espacios verdes para que estar en los espacios comunes sea m\u00e1s limpio y seguro.En el marco de la pandemia de Covid-19, el Ministerio de Espacio P\u00fablico intensifica la limpieza de calles, veredas, contenedores, parques y mobiliario urbano con hipoclorito [&hellip;]<\/p>\n","protected":false},"author":1,"featured_media":1491,"comment_status":"open","ping_status":"open","sticky":false,"template":"","format":"standard","meta":{"_et_pb_use_builder":"","_et_pb_old_content":"","_et_gb_content_width":"","footnotes":""},"categories":[11,32],"tags":[],"class_list":["post-1490","post","type-post","status-publish","format-standard","has-post-thumbnail","hentry","category-ciudad","category-comunas"],"_links":{"self":[{"href":"https:\/\/vocesdebaires.com.ar\/index.php\/wp-json\/wp\/v2\/posts\/1490"}],"collection":[{"href":"https:\/\/vocesdebaires.com.ar\/index.php\/wp-json\/wp\/v2\/posts"}],"about":[{"href":"https:\/\/vocesdebaires.com.ar\/index.php\/wp-json\/wp\/v2\/types\/post"}],"author":[{"embeddable":true,"href":"https:\/\/vocesdebaires.com.ar\/index.php\/wp-json\/wp\/v2\/users\/1"}],"replies":[{"embeddable":true,"href":"https:\/\/vocesdebaires.com.ar\/index.php\/wp-json\/wp\/v2\/comments?post=1490"}],"version-history":[{"count":0,"href":"https:\/\/vocesdebaires.com.ar\/index.php\/wp-json\/wp\/v2\/posts\/1490\/revisions"}],"wp:featuredmedia":[{"embeddable":true,"href":"https:\/\/vocesdebaires.com.ar\/index.php\/wp-json\/wp\/v2\/media\/1491"}],"wp:attachment":[{"href":"https:\/\/vocesdebaires.com.ar\/index.php\/wp-json\/wp\/v2\/media?parent=1490"}],"wp:term":[{"taxonomy":"category","embeddable":true,"href":"https:\/\/vocesdebaires.com.ar\/index.php\/wp-json\/wp\/v2\/categories?post=1490"},{"taxonomy":"post_tag","embeddable":true,"href":"https:\/\/vocesdebaires.com.ar\/index.php\/wp-json\/wp\/v2\/tags?post=1490"}],"curies":[{"name":"wp","href":"https:\/\/api.w.org\/{rel}","templated":true}]}}