{"id":1498,"date":"2020-07-02T03:00:00","date_gmt":"2020-07-02T06:00:00","guid":{"rendered":"http:\/\/vocesdebaires.com.ar\/wordpress\/index.php\/2020\/07\/02\/vicegobernadores-avanzan-en-la-integracion-federal\/"},"modified":"2020-07-02T03:00:00","modified_gmt":"2020-07-02T06:00:00","slug":"vicegobernadores-avanzan-en-la-integracion-federal","status":"publish","type":"post","link":"https:\/\/vocesdebaires.com.ar\/index.php\/2020\/07\/02\/vicegobernadores-avanzan-en-la-integracion-federal\/","title":{"rendered":"Vicegobernadores avanzan en la integraci\u00f3n federal"},"content":{"rendered":"<p>Los vicegobernadores de provincias argentinas mantuvieron esta semana una nueva reuni\u00f3n por videoconferencia, continuando con el programa \u201cLegislaturas Conectadas\u201d e impulsando otras iniciativas federalistas como la Liga de Vicegobernadores.El vicejefe de Gobierno de la Ciudad Aut\u00f3noma de Buenos Aires, Diego Santilli, si bien no pudo participar personalmente, manifest\u00f3 su total adhesi\u00f3n a esos encuentros que sirven para \u201cencontrar soluciones en las emergencias y aportan a la construcci\u00f3n del futuro\u201d.\u00bbLa cohesi\u00f3n y el intercambio de experiencias facilitan consensos y es algo que estamos practicando en medio de esta pandemia. Para seguir conectados y unidos es que estamos trabajando pese a la distancia\u00bb, reafirm\u00f3 Santilli.<\/p>\n<p>Durante la primera reuni\u00f3n, el Vicegobernador de Corrientes, Gustavo Canteros, destac\u00f3 la importancia del programa Legislaturas Conectadas, que comunica a los Poderes Legislativos a trav\u00e9s de sus \u00e1reas institucionales de prensa. En dicha ocasi\u00f3n, los vicegobernadores, presidentes de los parlamentos provinciales, informaron acerca de sus actividades. Bajo el lema \u201cel federalismo lo hacemos entre todos\u201d, Canteros convoc\u00f3 a integrar un espacio federal de intercambio institucional. En ese marco, se acord\u00f3 una agenda que, en el d\u00eda de ayer, tuvo como invitado especial al ministro del Interior, Wado De Pedro. El funcionario nacional inst\u00f3 a los vicegobernadores a trabajar juntos y celebr\u00f3 la iniciativa.<\/p>\n<p>En las reuniones virtuales han participado los vicegobernadores de Catamarca, Rub\u00e9n Dusso; Chubut, Ricardo Sastre; Entre R\u00edos, Mar\u00eda Laura Stratta; Jujuy, Carlos Haquim; La Rioja, Florencia L\u00f3pez; Mendoza, Mario Abed; Misiones, Carlos Arce; Neuqu\u00e9n, Marcos Koopmann; R\u00edo Negro, Alejandro Palmieri; Salta, Antonio Marocco; San Juan, Roberto Gattoni; San Luis, Eduardo M\u00f3nez Ruiz; Santiago del Estero, Carlos Silva Neder; Tierra del Fuego, Ant\u00e1rtida e Islas del Atl\u00e1ntico Sur, M\u00f3nica Urquiza; Tucum\u00e1n, Osvaldo Jaldo, y el anfitri\u00f3n correntino Gustavo Canteros.<\/p>\n","protected":false},"excerpt":{"rendered":"<p>Los vicegobernadores de provincias argentinas mantuvieron esta semana una nueva reuni\u00f3n por videoconferencia, continuando con el programa \u201cLegislaturas Conectadas\u201d e impulsando otras iniciativas federalistas como la Liga de Vicegobernadores.El vicejefe de Gobierno de la Ciudad Aut\u00f3noma de Buenos Aires, Diego Santilli, si bien no pudo participar personalmente, manifest\u00f3 su total adhesi\u00f3n a esos encuentros que [&hellip;]<\/p>\n","protected":false},"author":1,"featured_media":1499,"comment_status":"open","ping_status":"open","sticky":false,"template":"","format":"standard","meta":{"_et_pb_use_builder":"","_et_pb_old_content":"","_et_gb_content_width":"","footnotes":""},"categories":[11,33],"tags":[],"class_list":["post-1498","post","type-post","status-publish","format-standard","has-post-thumbnail","hentry","category-ciudad","category-sociedad-y-cultura-2"],"_links":{"self":[{"href":"https:\/\/vocesdebaires.com.ar\/index.php\/wp-json\/wp\/v2\/posts\/1498"}],"collection":[{"href":"https:\/\/vocesdebaires.com.ar\/index.php\/wp-json\/wp\/v2\/posts"}],"about":[{"href":"https:\/\/vocesdebaires.com.ar\/index.php\/wp-json\/wp\/v2\/types\/post"}],"author":[{"embeddable":true,"href":"https:\/\/vocesdebaires.com.ar\/index.php\/wp-json\/wp\/v2\/users\/1"}],"replies":[{"embeddable":true,"href":"https:\/\/vocesdebaires.com.ar\/index.php\/wp-json\/wp\/v2\/comments?post=1498"}],"version-history":[{"count":0,"href":"https:\/\/vocesdebaires.com.ar\/index.php\/wp-json\/wp\/v2\/posts\/1498\/revisions"}],"wp:featuredmedia":[{"embeddable":true,"href":"https:\/\/vocesdebaires.com.ar\/index.php\/wp-json\/wp\/v2\/media\/1499"}],"wp:attachment":[{"href":"https:\/\/vocesdebaires.com.ar\/index.php\/wp-json\/wp\/v2\/media?parent=1498"}],"wp:term":[{"taxonomy":"category","embeddable":true,"href":"https:\/\/vocesdebaires.com.ar\/index.php\/wp-json\/wp\/v2\/categories?post=1498"},{"taxonomy":"post_tag","embeddable":true,"href":"https:\/\/vocesdebaires.com.ar\/index.php\/wp-json\/wp\/v2\/tags?post=1498"}],"curies":[{"name":"wp","href":"https:\/\/api.w.org\/{rel}","templated":true}]}}