{"id":1515,"date":"2020-07-16T16:44:09","date_gmt":"2020-07-16T19:44:09","guid":{"rendered":"http:\/\/vocesdebaires.com.ar\/wordpress\/index.php\/2020\/07\/16\/comunas-inviernoseguro-de-monoxido-de-carbono\/"},"modified":"2020-07-16T16:44:09","modified_gmt":"2020-07-16T19:44:09","slug":"comunas-inviernoseguro-de-monoxido-de-carbono","status":"publish","type":"post","link":"https:\/\/vocesdebaires.com.ar\/index.php\/2020\/07\/16\/comunas-inviernoseguro-de-monoxido-de-carbono\/","title":{"rendered":"Comunas #InviernoSeguro  de mon\u00f3xido de carbono"},"content":{"rendered":"<p>Ante el incremento de casos y la llegada de las bajas temperaturas, la Presidenta de la Junta Comunal 13, Florencia Scavino, visit\u00f3 la Oficina de Investigaci\u00f3n de Incendio y Explosiones de los Bomberos de la Ciudad y propuso la idea de un #InviernoSeguro para dar a conocer los riesgos del mon\u00f3xido de carbono y la importancia de los cuidados en nuestros hogares. \u00abEs un enemigo invisible y peligroso que tenemos que controlar bajo la supervisi\u00f3n de especialistas. No hay que confiarse ya que se trata de un gas inodoro, incoloro e ins\u00edpido\u201d, advirti\u00f3 Florencia Scavino, quien tambi\u00e9n estuvo acompa\u00f1ada por el comunero Yuan Chi Cheng.<\/p>\n<p>La Oficina se encuentra dentro del predio donde funciona la Compa\u00f1\u00eda T\u00e9cnico Pericial de Bomberos de la Ciudad y tiene una Sala de Experimentaci\u00f3n en la que se muestran las falencias en instalaciones, artefactos a gas y salidas de aire que pueden ocasionar intoxicaciones con mon\u00f3xido de carbono.\u201cRespecto a las fallas, generalmente el calef\u00f3n es el mayor generador de mon\u00f3xido de carbono, porque tiene una gran producci\u00f3n de llama\u201d, inform\u00f3 Eduardo Jamur, Capit\u00e1n de la Oficina de Investigaci\u00f3n de Incendio y Explosiones de los Bomberos de la Ciudad. Y agreg\u00f3: \u201cUna vez que estamos en un ambiente viciado de mon\u00f3xido de carbono lo vamos a notar con dolor de cabeza, mareos, n\u00e1useas y v\u00f3mitos, que son s\u00edntomas que muchas veces los confundimos con una intoxicaci\u00f3n estomacal\u201d.<\/p>\n<p>La detecci\u00f3n temprana del mon\u00f3xido de carbono puede salvar una vida y, por eso, es fundamental seguir de cerca las normas y fortalecer los mensajes de concientizaci\u00f3n. \u201cEl mon\u00f3xido de carbono es acumulativo y por m\u00e1s que uno salga al exterior y respire aire fresco no libera nada\u201d, agreg\u00f3 el capit\u00e1n Jamur. En lo que va del a\u00f1o se produjeron 31 intoxicaciones y 9 muertes por mon\u00f3xido de carbono y las cifras amenazan con seguir creciendo. Por este motivo, con la iniciativa #InviernoSeguro, se busca alertar y advertir a los vecinos para que tomen los recaudos necesarios. \u201cLa intoxicaci\u00f3n y las muertes por mon\u00f3xido de carbono pueden ocurrir durante todo el a\u00f1o y no s\u00f3lo en invierno. Tenemos que cuidarnos siempre y evitar que el mon\u00f3xido de carbono se quede en nuestras casas\u201d, finaliz\u00f3 Scavino.<\/p>\n","protected":false},"excerpt":{"rendered":"<p>Ante el incremento de casos y la llegada de las bajas temperaturas, la Presidenta de la Junta Comunal 13, Florencia Scavino, visit\u00f3 la Oficina de Investigaci\u00f3n de Incendio y Explosiones de los Bomberos de la Ciudad y propuso la idea de un #InviernoSeguro para dar a conocer los riesgos del mon\u00f3xido de carbono y la [&hellip;]<\/p>\n","protected":false},"author":1,"featured_media":1516,"comment_status":"open","ping_status":"open","sticky":false,"template":"","format":"standard","meta":{"_et_pb_use_builder":"","_et_pb_old_content":"","_et_gb_content_width":"","footnotes":""},"categories":[11,32],"tags":[],"class_list":["post-1515","post","type-post","status-publish","format-standard","has-post-thumbnail","hentry","category-ciudad","category-comunas"],"_links":{"self":[{"href":"https:\/\/vocesdebaires.com.ar\/index.php\/wp-json\/wp\/v2\/posts\/1515"}],"collection":[{"href":"https:\/\/vocesdebaires.com.ar\/index.php\/wp-json\/wp\/v2\/posts"}],"about":[{"href":"https:\/\/vocesdebaires.com.ar\/index.php\/wp-json\/wp\/v2\/types\/post"}],"author":[{"embeddable":true,"href":"https:\/\/vocesdebaires.com.ar\/index.php\/wp-json\/wp\/v2\/users\/1"}],"replies":[{"embeddable":true,"href":"https:\/\/vocesdebaires.com.ar\/index.php\/wp-json\/wp\/v2\/comments?post=1515"}],"version-history":[{"count":0,"href":"https:\/\/vocesdebaires.com.ar\/index.php\/wp-json\/wp\/v2\/posts\/1515\/revisions"}],"wp:featuredmedia":[{"embeddable":true,"href":"https:\/\/vocesdebaires.com.ar\/index.php\/wp-json\/wp\/v2\/media\/1516"}],"wp:attachment":[{"href":"https:\/\/vocesdebaires.com.ar\/index.php\/wp-json\/wp\/v2\/media?parent=1515"}],"wp:term":[{"taxonomy":"category","embeddable":true,"href":"https:\/\/vocesdebaires.com.ar\/index.php\/wp-json\/wp\/v2\/categories?post=1515"},{"taxonomy":"post_tag","embeddable":true,"href":"https:\/\/vocesdebaires.com.ar\/index.php\/wp-json\/wp\/v2\/tags?post=1515"}],"curies":[{"name":"wp","href":"https:\/\/api.w.org\/{rel}","templated":true}]}}