{"id":15172,"date":"2012-10-23T12:04:27","date_gmt":"2012-10-23T15:04:27","guid":{"rendered":"http:\/\/vocesdebaires.com.ar\/wordpress\/index.php\/2012\/10\/23\/las-disquerias-de-gala-para-su-gran-noche\/"},"modified":"2012-10-23T12:04:27","modified_gmt":"2012-10-23T15:04:27","slug":"las-disquerias-de-gala-para-su-gran-noche","status":"publish","type":"post","link":"https:\/\/vocesdebaires.com.ar\/index.php\/2012\/10\/23\/las-disquerias-de-gala-para-su-gran-noche\/","title":{"rendered":"Las disquer\u00edas de gala para su gran noche"},"content":{"rendered":"<p>Los amantes de la m\u00fasica tachan los d\u00edas en el almanaque. Este jueves, la Ciudad celebrar\u00e1 por cuarta vez la Noche de las Disquer\u00edas, con descuentos, promociones y actividades en distintos barrios. La jornada comenzar\u00e1 a las 19 en la esquina de Corrientes y Callao.Organizado por el Ministerio de Cultura porte\u00f1o y CAPIF, la c\u00e1mara que representa a los sellos discogr\u00e1ficos de la Argentina, la gran noche contar\u00e1 con artistas de la talla de Marcela Morelo, Diego Frenkel, Richard Coleman, Daniel Drexler, Lucas Mart\u00ed, Tony 70, La cosa mostra, Loli Molina, Vandera y Paloma del Cerro, entre otros. Tambi\u00e9n habr\u00e1 importantes descuentos y promociones en los 30 locales adheridos y representantes del Polo Circo sobre la avenida Corrientes.<br \/>\n\u201cEstamos convencidos de que esta nueva edici\u00f3n de la Noche de las Disquer\u00edas contar\u00e1, como las anteriores, con todo el apoyo de la gente, que a\u00f1o tras a\u00f1o viene haciendo de este evento una celebraci\u00f3n del arte y la cultura\u201d, dijo el ministro de Cultura de la Ciudad, Hern\u00e1n Lombardi. Por su parte, el director de CAPIF, Javier Delup\u00ed, sostuvo: \u201cPara CAPIF es un orgullo realizar por cuarto a\u00f1o consecutivo esta actividad que busca revalorizar las disquer\u00edas como espacios culturales\u201d.El a\u00f1o pasado, el evento convoc\u00f3 a 40.000 personas que recorrieron los diferentes circuitos y disfrutaron de m\u00e1s de 50 artistas en escena.<br \/>\n\u00a0<\/p>\n","protected":false},"excerpt":{"rendered":"<p>Los amantes de la m\u00fasica tachan los d\u00edas en el almanaque. Este jueves, la Ciudad celebrar\u00e1 por cuarta vez la Noche de las Disquer\u00edas, con descuentos, promociones y actividades en distintos barrios. La jornada comenzar\u00e1 a las 19 en la esquina de Corrientes y Callao.Organizado por el Ministerio de Cultura porte\u00f1o y CAPIF, la c\u00e1mara [&hellip;]<\/p>\n","protected":false},"author":2,"featured_media":15173,"comment_status":"open","ping_status":"open","sticky":false,"template":"","format":"standard","meta":{"_et_pb_use_builder":"","_et_pb_old_content":"","_et_gb_content_width":"","footnotes":""},"categories":[11,33],"tags":[],"class_list":["post-15172","post","type-post","status-publish","format-standard","has-post-thumbnail","hentry","category-ciudad","category-sociedad-y-cultura-2"],"_links":{"self":[{"href":"https:\/\/vocesdebaires.com.ar\/index.php\/wp-json\/wp\/v2\/posts\/15172"}],"collection":[{"href":"https:\/\/vocesdebaires.com.ar\/index.php\/wp-json\/wp\/v2\/posts"}],"about":[{"href":"https:\/\/vocesdebaires.com.ar\/index.php\/wp-json\/wp\/v2\/types\/post"}],"author":[{"embeddable":true,"href":"https:\/\/vocesdebaires.com.ar\/index.php\/wp-json\/wp\/v2\/users\/2"}],"replies":[{"embeddable":true,"href":"https:\/\/vocesdebaires.com.ar\/index.php\/wp-json\/wp\/v2\/comments?post=15172"}],"version-history":[{"count":0,"href":"https:\/\/vocesdebaires.com.ar\/index.php\/wp-json\/wp\/v2\/posts\/15172\/revisions"}],"wp:featuredmedia":[{"embeddable":true,"href":"https:\/\/vocesdebaires.com.ar\/index.php\/wp-json\/wp\/v2\/media\/15173"}],"wp:attachment":[{"href":"https:\/\/vocesdebaires.com.ar\/index.php\/wp-json\/wp\/v2\/media?parent=15172"}],"wp:term":[{"taxonomy":"category","embeddable":true,"href":"https:\/\/vocesdebaires.com.ar\/index.php\/wp-json\/wp\/v2\/categories?post=15172"},{"taxonomy":"post_tag","embeddable":true,"href":"https:\/\/vocesdebaires.com.ar\/index.php\/wp-json\/wp\/v2\/tags?post=15172"}],"curies":[{"name":"wp","href":"https:\/\/api.w.org\/{rel}","templated":true}]}}