{"id":15208,"date":"2012-10-25T13:55:16","date_gmt":"2012-10-25T16:55:16","guid":{"rendered":"http:\/\/vocesdebaires.com.ar\/wordpress\/index.php\/2012\/10\/25\/mac-allister-un-diputado-pro\/"},"modified":"2012-10-25T13:55:16","modified_gmt":"2012-10-25T16:55:16","slug":"mac-allister-un-diputado-pro","status":"publish","type":"post","link":"https:\/\/vocesdebaires.com.ar\/index.php\/2012\/10\/25\/mac-allister-un-diputado-pro\/","title":{"rendered":"Mac Allister, \u00bfun diputado PRO?"},"content":{"rendered":"<p>En su af\u00e1n por subir su piso electoral en 2013 y dar mayor impulso a una candidatura presidencial de Mauricio Macri en 2015, el PRO le ofreci\u00f3 al ex futbolista Carlos Javier Mac Allister ser cabeza de lista de diputados nacionales por La Pampa en las elecciones legislativas del pr\u00f3ximo a\u00f1o.\u00bbEl ofrecimiento me lo hicieron pero no tengo nada decidido a\u00fan\u00bb, dijo el \u201cColorado\u201d en di\u00e1logo con T\u00e9lam, y agreg\u00f3 que desde el partido del jefe de Gobierno porte\u00f1o \u00abno\u00bb le \u00abdieron plazo de tiempo para responder\u00bb.<br \/>\nAdem\u00e1s, el propietario del pampeano Club Deportivo Mac Allister y actual representante de futbolistas coment\u00f3 que \u00absiempre\u00bb estuvo \u00abinteresado en hacer y participar en pol\u00edtica\u00bb. \u00a0\u00abA Mauricio (Macri) lo conozco desde los tiempos en que jugaba en Boca, y qued\u00e9 en muy buena relaci\u00f3n desde entonces\u00bb, a\u00f1adi\u00f3.\u00a0Por otra parte, una alta fuente del PRO nacional le confirm\u00f3 a la agencia estatal T\u00e9lam el ofrecimiento al ex futbolista pero asegur\u00f3 que todav\u00eda \u00abno hay nada cerrado\u00bb.<br \/>\n\u00abHasta ahora hubo una reuni\u00f3n pero no hay mucho m\u00e1s avanzado. Hicimos tambi\u00e9n una encuesta que dio muy bien, adem\u00e1s que (Mac Allister) tiene un alto nivel de conocimiento en La Pampa, lo que es muy importante\u00bb, remarc\u00f3 la fuente.\u00a0La estrategia del Pro es buscar figuras extrapartidarias y ajenas a la actividad pol\u00edtica, para mejorar su performance electoral. En ese sentido, ya experimentaron con el humorista y actor Miguel del Sel en Santa Fe y tambi\u00e9n le ofrecieron recientemente incorporarse a la pol\u00edtica al presidente del Club Lan\u00fas, Nicol\u00e1s Russo.<br \/>\n\u00a0<\/p>\n","protected":false},"excerpt":{"rendered":"<p>En su af\u00e1n por subir su piso electoral en 2013 y dar mayor impulso a una candidatura presidencial de Mauricio Macri en 2015, el PRO le ofreci\u00f3 al ex futbolista Carlos Javier Mac Allister ser cabeza de lista de diputados nacionales por La Pampa en las elecciones legislativas del pr\u00f3ximo a\u00f1o.\u00bbEl ofrecimiento me lo hicieron [&hellip;]<\/p>\n","protected":false},"author":2,"featured_media":15209,"comment_status":"open","ping_status":"open","sticky":false,"template":"","format":"standard","meta":{"_et_pb_use_builder":"","_et_pb_old_content":"","_et_gb_content_width":"","footnotes":""},"categories":[11,33],"tags":[],"class_list":["post-15208","post","type-post","status-publish","format-standard","has-post-thumbnail","hentry","category-ciudad","category-sociedad-y-cultura-2"],"_links":{"self":[{"href":"https:\/\/vocesdebaires.com.ar\/index.php\/wp-json\/wp\/v2\/posts\/15208"}],"collection":[{"href":"https:\/\/vocesdebaires.com.ar\/index.php\/wp-json\/wp\/v2\/posts"}],"about":[{"href":"https:\/\/vocesdebaires.com.ar\/index.php\/wp-json\/wp\/v2\/types\/post"}],"author":[{"embeddable":true,"href":"https:\/\/vocesdebaires.com.ar\/index.php\/wp-json\/wp\/v2\/users\/2"}],"replies":[{"embeddable":true,"href":"https:\/\/vocesdebaires.com.ar\/index.php\/wp-json\/wp\/v2\/comments?post=15208"}],"version-history":[{"count":0,"href":"https:\/\/vocesdebaires.com.ar\/index.php\/wp-json\/wp\/v2\/posts\/15208\/revisions"}],"wp:featuredmedia":[{"embeddable":true,"href":"https:\/\/vocesdebaires.com.ar\/index.php\/wp-json\/wp\/v2\/media\/15209"}],"wp:attachment":[{"href":"https:\/\/vocesdebaires.com.ar\/index.php\/wp-json\/wp\/v2\/media?parent=15208"}],"wp:term":[{"taxonomy":"category","embeddable":true,"href":"https:\/\/vocesdebaires.com.ar\/index.php\/wp-json\/wp\/v2\/categories?post=15208"},{"taxonomy":"post_tag","embeddable":true,"href":"https:\/\/vocesdebaires.com.ar\/index.php\/wp-json\/wp\/v2\/tags?post=15208"}],"curies":[{"name":"wp","href":"https:\/\/api.w.org\/{rel}","templated":true}]}}