{"id":1521,"date":"2020-07-16T16:11:39","date_gmt":"2020-07-16T19:11:39","guid":{"rendered":"http:\/\/vocesdebaires.com.ar\/wordpress\/index.php\/2020\/07\/16\/ciudad-brindaron-detalles-de-la-situacion-sanitaria\/"},"modified":"2020-07-16T16:11:39","modified_gmt":"2020-07-16T19:11:39","slug":"ciudad-brindaron-detalles-de-la-situacion-sanitaria","status":"publish","type":"post","link":"https:\/\/vocesdebaires.com.ar\/index.php\/2020\/07\/16\/ciudad-brindaron-detalles-de-la-situacion-sanitaria\/","title":{"rendered":"Ciudad: Brindaron detalles de la situaci\u00f3n sanitaria"},"content":{"rendered":"<p>El ministro de Salud porte\u00f1o, Fern\u00e1n Quir\u00f3s; el subsecretario de Atenci\u00f3n Primaria, Gabriel Battistella, y la directora general de Planificaci\u00f3n Operativa, Paula Zingoni, brindaron\u00a0 detalles de la situaci\u00f3n sanitaria de la Ciudad en relaci\u00f3n a la curva de contagios y su evoluci\u00f3n, en el marco del aislamiento social, preventivo y obligatorio por el coronavirus. Quir\u00f3s inform\u00f3 que \u201cal d\u00eda de hoy hemos confirmado 39.952 casos residentes en la Ciudad de Buenos Aires, con 15.089 altas totales, 776 personas fallecidas y con una tasa de letalidad 1,94%\u201d. A su vez, se\u00f1al\u00f3 que \u201crealizamos 164.151 hisopados hasta la fecha, de los cuales el 67,5% fue en personas que residen en la Ciudad, con una positividad de 35,6%, y eso da una tasa de hisopados cada 100.000 habitantes de 3.605\u201d.<\/p>\n<p>En tanto, Battistella indic\u00f3 que en los barrios vulnerables \u201ctenemos 11.351 casos acumulados, con 7.202 altas, han fallecido 116 personas, lo que arroja una tasa de letalidad de 1%\u201d. \u201cEn relaci\u00f3n a los barrios vulnerables, ya hemos testeado a 23.506 personas, con un diagn\u00f3stico de 9.520 positivos, lo que arroja una tasa de positividad de 40,5%\u201d, dijo. El dispositivo DetectAR est\u00e1 instalado en el Barrio 31, el Barrio 1-11-14, el Barrio 21-24, el Barrio 15, el Barrio 20, el Barrio Carrillo y el Barrio Rodrigo Bueno\u201d. Con respecto al resto de los barrios, el funcionario precis\u00f3 que \u201cya hemos testeado a 4.731 personas, con 2.055 casos positivos y una tasa de positividad de 44,3%\u201d.<\/p>\n<p>El DetectAR M\u00f3vil ya funciona en 16 barrios: Balvanera, Flores, La Boca, Constituci\u00f3n, Barracas, Almagro, Palermo, Villa Soldati, Paternal, Chacarita, Parque Chacabuco, Boedo, San Crist\u00f3bal, Mataderos, Recoleta y San Telmo. Por otra parte, Zingoni comunic\u00f3 que \u201cal d\u00eda de la fecha tenemos 237 residencias geri\u00e1tricas con al menos un caso confirmado\u201d y que la totalidad de casos es de 1.845 con 196 fallecidos\u201d. Y a\u00f1adi\u00f3 que en los geri\u00e1tricos se han realizado \u201c19.825 test, de los cuales 613 han mostrado positividad y de los cuales hemos obtenido 184 PCR positivas\u201d.<\/p>\n<p>Mientras tanto, Quir\u00f3s afirm\u00f3 que \u201cya realizamos 90.491 test serol\u00f3gicos en el sistema p\u00fablico de salud, alcanzando 2.057 valores positivos, de los cuales hemos identificado a 543 personas con PCR positiva\u201d. \u201cSi uno agrupa a toda la estrategia de testeo serol\u00f3gico, ya hemos hecho 110.316 test, con 3.677 test cada 100.000 habitantes de la Ciudad, y con ello hemos identificado ya 727 PCR positivas\u201d, complet\u00f3. Por \u00faltimo, el ministro de Salud porte\u00f1o se\u00f1al\u00f3 que en el Barrio 31 \u201chab\u00edamos identificado 2.949 personas que estaban cursando la enfermedad\u201d, lo que significa que \u201cel 5,9% de las personas que viven all\u00ed tuvieron una PCR positiva\u201d.<\/p>\n<p>\u201cSin embargo, cuando uno hace la serolog\u00eda, identificamos que el 53% de las personas del barrio tuvo la enfermedad. Eso hace una relaci\u00f3n entre los que pudimos identificar y los que efectivamente tuvieron la enfermedad de 1-9\u201d, coment\u00f3. De cara a los pr\u00f3ximos d\u00edas, Quir\u00f3s dijo que \u201cel primer mensaje importante es que la cuarentena contin\u00faa. Estamos proponiendo empezar a liberar paulatinamente actividades con protocolos muy estrictos y bajo el cumplimiento colectivo, con un compromiso ciudadano entre todos de acompa\u00f1ar un proceso que si lo hacemos bien va a ser m\u00e1s r\u00e1pido y no va a requerir ninguna vuelta atr\u00e1s\u201d. A su vez, destac\u00f3 que \u201clo que estamos viendo en la Ciudad de Buenos Aires es que la curva se ha aplanado, el R est\u00e1 pr\u00e1cticamente en 1, y todav\u00eda tenemos varios d\u00edas de impacto de la cuarentena intensificada\u201d.<\/p>\n","protected":false},"excerpt":{"rendered":"<p>El ministro de Salud porte\u00f1o, Fern\u00e1n Quir\u00f3s; el subsecretario de Atenci\u00f3n Primaria, Gabriel Battistella, y la directora general de Planificaci\u00f3n Operativa, Paula Zingoni, brindaron\u00a0 detalles de la situaci\u00f3n sanitaria de la Ciudad en relaci\u00f3n a la curva de contagios y su evoluci\u00f3n, en el marco del aislamiento social, preventivo y obligatorio por el coronavirus. Quir\u00f3s [&hellip;]<\/p>\n","protected":false},"author":1,"featured_media":1522,"comment_status":"open","ping_status":"open","sticky":false,"template":"","format":"standard","meta":{"_et_pb_use_builder":"","_et_pb_old_content":"","_et_gb_content_width":"","footnotes":""},"categories":[11,32],"tags":[],"class_list":["post-1521","post","type-post","status-publish","format-standard","has-post-thumbnail","hentry","category-ciudad","category-comunas"],"_links":{"self":[{"href":"https:\/\/vocesdebaires.com.ar\/index.php\/wp-json\/wp\/v2\/posts\/1521"}],"collection":[{"href":"https:\/\/vocesdebaires.com.ar\/index.php\/wp-json\/wp\/v2\/posts"}],"about":[{"href":"https:\/\/vocesdebaires.com.ar\/index.php\/wp-json\/wp\/v2\/types\/post"}],"author":[{"embeddable":true,"href":"https:\/\/vocesdebaires.com.ar\/index.php\/wp-json\/wp\/v2\/users\/1"}],"replies":[{"embeddable":true,"href":"https:\/\/vocesdebaires.com.ar\/index.php\/wp-json\/wp\/v2\/comments?post=1521"}],"version-history":[{"count":0,"href":"https:\/\/vocesdebaires.com.ar\/index.php\/wp-json\/wp\/v2\/posts\/1521\/revisions"}],"wp:featuredmedia":[{"embeddable":true,"href":"https:\/\/vocesdebaires.com.ar\/index.php\/wp-json\/wp\/v2\/media\/1522"}],"wp:attachment":[{"href":"https:\/\/vocesdebaires.com.ar\/index.php\/wp-json\/wp\/v2\/media?parent=1521"}],"wp:term":[{"taxonomy":"category","embeddable":true,"href":"https:\/\/vocesdebaires.com.ar\/index.php\/wp-json\/wp\/v2\/categories?post=1521"},{"taxonomy":"post_tag","embeddable":true,"href":"https:\/\/vocesdebaires.com.ar\/index.php\/wp-json\/wp\/v2\/tags?post=1521"}],"curies":[{"name":"wp","href":"https:\/\/api.w.org\/{rel}","templated":true}]}}