{"id":15246,"date":"2012-10-31T10:54:20","date_gmt":"2012-10-31T13:54:20","guid":{"rendered":"http:\/\/vocesdebaires.com.ar\/wordpress\/index.php\/2012\/10\/31\/el-arq-alberto-bellucci-personalidad-destacada\/"},"modified":"2012-10-31T10:54:20","modified_gmt":"2012-10-31T13:54:20","slug":"el-arq-alberto-bellucci-personalidad-destacada","status":"publish","type":"post","link":"https:\/\/vocesdebaires.com.ar\/index.php\/2012\/10\/31\/el-arq-alberto-bellucci-personalidad-destacada\/","title":{"rendered":"El Arq. Alberto Bellucci, Personalidad Destacada"},"content":{"rendered":"<p>El Arquitecto Alberto Bellucci recibi\u00f3 los atributos de Personalidad Destacada de la Cultura en un acto que se llev\u00f3 a cabo en el Sal\u00f3n San Mart\u00edn de la Legislatura organizado por la Diputada Lia Rueda. De esta manera se dio cumplimiento a la ley 4278 aprobada por el Cuerpo parlamentario el pasado 13 de septiembre.<br \/>\nLa autora de la iniciativa, Diputada Rueda sostuvo: \u00abDesde hace muchos a\u00f1os Bellucci es un referente de nuestro arte que ha sabido mostrar sus conocimientos a trav\u00e9s de la ense\u00f1anza universitaria. Quiero destacar su compromiso con lo p\u00fablico\u00bb. Por su parte, el embajador argentino Jos\u00e9 Mar\u00eda Cantilo destac\u00f3 que \u00abAlberto es un referente de lo que sucede en el mundo del arte, es un cultivador y un sembrador\u00bb.<br \/>\n\u00abEl verdadero desaf\u00edo cultural es caminar hacia un horizonte que nunca se alcanza\u00bb, dijo Bellucci. El arquitecto tambi\u00e9n agradeci\u00f3 a \u00abtodos los que han hecho su aporte para llegar donde llegu\u00e9\u00bb.<br \/>\nParticiparon de la distinci\u00f3n amigos, familiares y compa\u00f1eros de trabajo, definidos por el homenajeado como colaboradores en su carrera. Tambi\u00e9n presenci\u00f3 el evento la Diputada Carmen Polledo (PRO).<br \/>\nCarrera Profesional<br \/>\nEl Arquitecto Alberto Bellucci, nacido en Buenos Aires el 20 de septiembre de 1939, es un exponente a nivel mundial de la expresi\u00f3n del arte arquitect\u00f3nico de nuestro pa\u00eds. Egres\u00f3 como arquitecto de la Universidad de \u00a0Buenos Aires en 1965.<br \/>\nDesde enero de 1991 hasta la actualidad se desempe\u00f1a como Director del Museo Nacional de Arte Decorativo de Buenos Aires, y durante dos per\u00edodos (marzo-noviembre 1991 y diciembre 2003 a agosto 2006) se desempe\u00f1\u00f3 tambi\u00e9n como Director del Museo Nacional de Bellas Artes. Entre 2001 y 2007 fue asimismo Interventor del Museo Nacional de Arte Oriental. Esto lo ubica como un caso \u00fanico en la historia ya que durante casi tres a\u00f1os estuvo simult\u00e1neamente al frente de tres museos nacionales de arte.<br \/>\nTambi\u00e9n dict\u00f3 cursos y conferencias sobre arquitectura, artes pl\u00e1sticas y m\u00fasica en el Sal\u00f3n Dorado y en programas especiales del Teatro Col\u00f3n, as\u00ed como en universidades y centros culturales de nuestro pa\u00eds, Europa y Am\u00e9rica, entre ellos las Universidades Cat\u00f3lica de Santiago de Chile, Harvard, Evanston, Seattle, el Dade Art Center de Miami (Estados Unidos) y la Villette, en Par\u00eds; y centros de arte y arquitectura en Vancouver, Praga y Berl\u00edn.<br \/>\n\u00a0<\/p>\n","protected":false},"excerpt":{"rendered":"<p>El Arquitecto Alberto Bellucci recibi\u00f3 los atributos de Personalidad Destacada de la Cultura en un acto que se llev\u00f3 a cabo en el Sal\u00f3n San Mart\u00edn de la Legislatura organizado por la Diputada Lia Rueda. De esta manera se dio cumplimiento a la ley 4278 aprobada por el Cuerpo parlamentario el pasado 13 de septiembre. [&hellip;]<\/p>\n","protected":false},"author":2,"featured_media":15247,"comment_status":"open","ping_status":"open","sticky":false,"template":"","format":"standard","meta":{"_et_pb_use_builder":"","_et_pb_old_content":"","_et_gb_content_width":"","footnotes":""},"categories":[11,33],"tags":[],"class_list":["post-15246","post","type-post","status-publish","format-standard","has-post-thumbnail","hentry","category-ciudad","category-sociedad-y-cultura-2"],"_links":{"self":[{"href":"https:\/\/vocesdebaires.com.ar\/index.php\/wp-json\/wp\/v2\/posts\/15246"}],"collection":[{"href":"https:\/\/vocesdebaires.com.ar\/index.php\/wp-json\/wp\/v2\/posts"}],"about":[{"href":"https:\/\/vocesdebaires.com.ar\/index.php\/wp-json\/wp\/v2\/types\/post"}],"author":[{"embeddable":true,"href":"https:\/\/vocesdebaires.com.ar\/index.php\/wp-json\/wp\/v2\/users\/2"}],"replies":[{"embeddable":true,"href":"https:\/\/vocesdebaires.com.ar\/index.php\/wp-json\/wp\/v2\/comments?post=15246"}],"version-history":[{"count":0,"href":"https:\/\/vocesdebaires.com.ar\/index.php\/wp-json\/wp\/v2\/posts\/15246\/revisions"}],"wp:featuredmedia":[{"embeddable":true,"href":"https:\/\/vocesdebaires.com.ar\/index.php\/wp-json\/wp\/v2\/media\/15247"}],"wp:attachment":[{"href":"https:\/\/vocesdebaires.com.ar\/index.php\/wp-json\/wp\/v2\/media?parent=15246"}],"wp:term":[{"taxonomy":"category","embeddable":true,"href":"https:\/\/vocesdebaires.com.ar\/index.php\/wp-json\/wp\/v2\/categories?post=15246"},{"taxonomy":"post_tag","embeddable":true,"href":"https:\/\/vocesdebaires.com.ar\/index.php\/wp-json\/wp\/v2\/tags?post=15246"}],"curies":[{"name":"wp","href":"https:\/\/api.w.org\/{rel}","templated":true}]}}