{"id":1525,"date":"2020-07-15T03:00:00","date_gmt":"2020-07-15T06:00:00","guid":{"rendered":"http:\/\/vocesdebaires.com.ar\/wordpress\/index.php\/2020\/07\/15\/villa-devoto-delincuentes-entra-a-robar-un-edificio\/"},"modified":"2020-07-15T03:00:00","modified_gmt":"2020-07-15T06:00:00","slug":"villa-devoto-delincuentes-entra-a-robar-un-edificio","status":"publish","type":"post","link":"https:\/\/vocesdebaires.com.ar\/index.php\/2020\/07\/15\/villa-devoto-delincuentes-entra-a-robar-un-edificio\/","title":{"rendered":"Villa Devoto: Delincuentes entra a robar un edificio"},"content":{"rendered":"<p>Efectivos de una brigada perteneciente a la Comisar\u00eda Comunal 11 de la Polic\u00eda de la Ciudad se encontraban efectuando un recorrido preventivo por el barrio de Villa Devoto, cuando sobre la avenida Francisco Beir\u00f3 al 4200 observaron a un joven con manchas de sangre en la ropa y la cabeza. Al ser consultado, el hombre manifest\u00f3 que tres ladrones acababan de asaltarlo en su departamento cerca de all\u00ed, en un primer piso de Beir\u00f3 al 4300, y que tras golpearlo violentamente en la cabeza para reducirlo, se hab\u00edan retirado del lugar con algunas de sus pertenencias, para continuar el raid delictivo por otros pisos del edificio.<\/p>\n<p>Inmediatamente los oficiales acudieron al lugar y al llegar observaron a dos sospechosos saliendo apresurados, quienes al advertir la presencia policial intentaron fugarse corriendo, pero fueron alcanzados y detenidos a pocos metros. All\u00ed fueron identificados ante testigos, trat\u00e1ndose de un mayor y un menor de edad, quienes ten\u00edan en su poder un par de zapatillas, un tel\u00e9fono celular y un reloj, todos efectos personales de la v\u00edctima del robo. Luego se comprob\u00f3 que hab\u00edan logrado entrar a otro departamento del 5\u00ba piso.El menor fue trasladado al Instituto Inchausti y el mayor a la alcaid\u00eda de la jurisdicci\u00f3n, quedando a disposici\u00f3n de la Justicia.<\/p>\n","protected":false},"excerpt":{"rendered":"<p>Efectivos de una brigada perteneciente a la Comisar\u00eda Comunal 11 de la Polic\u00eda de la Ciudad se encontraban efectuando un recorrido preventivo por el barrio de Villa Devoto, cuando sobre la avenida Francisco Beir\u00f3 al 4200 observaron a un joven con manchas de sangre en la ropa y la cabeza. Al ser consultado, el hombre [&hellip;]<\/p>\n","protected":false},"author":1,"featured_media":1526,"comment_status":"open","ping_status":"open","sticky":false,"template":"","format":"standard","meta":{"_et_pb_use_builder":"","_et_pb_old_content":"","_et_gb_content_width":"","footnotes":""},"categories":[11,32],"tags":[],"class_list":["post-1525","post","type-post","status-publish","format-standard","has-post-thumbnail","hentry","category-ciudad","category-comunas"],"_links":{"self":[{"href":"https:\/\/vocesdebaires.com.ar\/index.php\/wp-json\/wp\/v2\/posts\/1525"}],"collection":[{"href":"https:\/\/vocesdebaires.com.ar\/index.php\/wp-json\/wp\/v2\/posts"}],"about":[{"href":"https:\/\/vocesdebaires.com.ar\/index.php\/wp-json\/wp\/v2\/types\/post"}],"author":[{"embeddable":true,"href":"https:\/\/vocesdebaires.com.ar\/index.php\/wp-json\/wp\/v2\/users\/1"}],"replies":[{"embeddable":true,"href":"https:\/\/vocesdebaires.com.ar\/index.php\/wp-json\/wp\/v2\/comments?post=1525"}],"version-history":[{"count":0,"href":"https:\/\/vocesdebaires.com.ar\/index.php\/wp-json\/wp\/v2\/posts\/1525\/revisions"}],"wp:featuredmedia":[{"embeddable":true,"href":"https:\/\/vocesdebaires.com.ar\/index.php\/wp-json\/wp\/v2\/media\/1526"}],"wp:attachment":[{"href":"https:\/\/vocesdebaires.com.ar\/index.php\/wp-json\/wp\/v2\/media?parent=1525"}],"wp:term":[{"taxonomy":"category","embeddable":true,"href":"https:\/\/vocesdebaires.com.ar\/index.php\/wp-json\/wp\/v2\/categories?post=1525"},{"taxonomy":"post_tag","embeddable":true,"href":"https:\/\/vocesdebaires.com.ar\/index.php\/wp-json\/wp\/v2\/tags?post=1525"}],"curies":[{"name":"wp","href":"https:\/\/api.w.org\/{rel}","templated":true}]}}