{"id":15251,"date":"2012-10-31T11:06:44","date_gmt":"2012-10-31T14:06:44","guid":{"rendered":"http:\/\/vocesdebaires.com.ar\/wordpress\/index.php\/2012\/10\/31\/eduardo-maquiavelli-fundamento-ante-los-legisladore\/"},"modified":"2012-10-31T11:06:44","modified_gmt":"2012-10-31T14:06:44","slug":"eduardo-maquiavelli-fundamento-ante-los-legisladore","status":"publish","type":"post","link":"https:\/\/vocesdebaires.com.ar\/index.php\/2012\/10\/31\/eduardo-maquiavelli-fundamento-ante-los-legisladore\/","title":{"rendered":"Eduardo Maquiavelli fundament\u00f3 ante los legisladore"},"content":{"rendered":"<p>El Secretario de Gesti\u00f3n Comunal y Atenci\u00f3n Ciudadana, Eduardo Maquiavelli solicit\u00f3 hoy una partida de 486,3 millones de pesos en el marco de una nueva reuni\u00f3n de funcionarios del Ejecutivo con diputados para analizar el proyecto de ley de Presupuesto 2013. En cuanto a la distribuci\u00f3n de la asignaci\u00f3n a las Comunas adelant\u00f3 que \u00ables corresponder\u00e1n 240 millones de pesos, un 330% m\u00e1s que este a\u00f1o, suba que se aplicar\u00e1 al mantenimiento de espacios verdes, bacheo y transferencia de guardianes de plaza\u00bb.<br \/>\nEn relaci\u00f3n a las competencias de la Secretar\u00eda el funcionario, que comenz\u00f3 a exponer a las 15:26 en el Sal\u00f3n Montevideo, asegur\u00f3 que son dos las funciones esenciales del \u00e1rea a su cargo: ser nexo institucional entre las Comunas y el Poder Central por un lado y entender en los derechos de los Consumidores y Usuarios. Adem\u00e1s, respecto del Plan de Acci\u00f3n 2012 sostuvo que se basa en cinco ejes: el proceso de transferencia y consolidaci\u00f3n de Comunas, competencias concurrentes con las Comunas, tareas de puesta en valor de espacios p\u00fablicos en las Comunas, mejorar la calidad de servicios para agilizar los tr\u00e1mites de los ciudadanos y consolidar los derechos de los Usuarios y Consumidores en el marco de la ley 757.<br \/>\nPlan de Difusi\u00f3n de Comunas<br \/>\nMaquiavelli inform\u00f3 que en cuanto a la primera funci\u00f3n de la Secretar\u00eda, \u00abpresent\u00f3 ante la Comisi\u00f3n de Descentralizaci\u00f3n el Plan de Difusi\u00f3n de Comunas que abarca desde diciembre de 2011 hasta agosto de 2012, el que se despleg\u00f3 a trav\u00e9s de medios de comunicaci\u00f3n generando un incremento en el nivel de conocimiento de los ciudadanos acerca de las Comunas que pas\u00f3 del 17% en 2007 al 85% en 2012; tambi\u00e9n banners, difusi\u00f3n en la v\u00eda p\u00fablica y redes sociales\u00bb, entre otras modalidades. Adem\u00e1s asegur\u00f3 que este plan incluye la estrategia de difusi\u00f3n que se desarrollar\u00e1 hasta fin de este a\u00f1o. Luego pas\u00f3 a detallar las acciones realizadas en cuanto a \u00abla capacitaci\u00f3n para los integrantes de las Juntas Comunales, desde el Instituto Superior de la Carrrera, en tem\u00e1ticas como recursos humanos, administraci&amp;oa cute;n financiera, metas f\u00edsicas presupuestarias, competencias exclusivas de las Comunas, parques y plazas\u00bb, entre otras.<br \/>\nTransferencia de Competencias a las Comunas<br \/>\nSeg\u00fan el informe brindado por el funcionario fueron asignados agentes a las Comunas, adem\u00e1s, a trav\u00e9s del decreto 214 se realiz\u00f3 el traspaso de la funci\u00f3n de asignar padrinazgos en espacios p\u00fablicos menores a 10 mil metros cuadrados. Explic\u00f3 que la Comuna 2 pudo asignar un padrinazgo y la Comuna 9 est\u00e1 por hacerlo. Por otra parte, fue transferido el mantenimiento de veredas por 3.000 metros cuadrados; tambi\u00e9n la pavimentaci\u00f3n y continuar\u00e1 realiz\u00e1ndose. \u00abEst\u00e1n en funcionamiento siete cuadrillas de bacheo y en 2013 se incorporar\u00e1n ocho m\u00e1s para que cada Comuna cuente con una cuadrilla, se est\u00e1 trabajando con concientizadores ambientales capacitados y fueron transferidos a las Comunas bienes patrimonables por un total de 2,2 millones de pesos\u00bb, dijo.<br \/>\nAdelant\u00f3 que para 2013 se continuar\u00e1 profundizando el traspaso de competencias, de modo que el 1 de julio se realizar\u00e1 el traspaso de gesti\u00f3n de espacios verdes en forma completa, sin incluir lagos y monumentos ni las tareas administrativas complejas como redeterminaciones. En relaci\u00f3n a la confecci\u00f3n del proyecto de Presupuesto Maquiavelli asegur\u00f3 que el Gobierno \u00abintent\u00f3 articular con las Comunas para que realicen su anteproyecto lo que dio un resultado positivo\u00bb y afirm\u00f3 que se avanzar\u00e1 en este aspecto el a\u00f1o pr\u00f3ximo. Finalmente manifest\u00f3 que \u00abel Presupuesto Participativo es un desaf\u00edo pero que hace falta consolidar las Comunas\u00bb.<br \/>\nCuarto Intermedio<br \/>\nAl t\u00e9rmino de su exposici\u00f3n el Secretario expres\u00f3 sentir un malestar y fue revisado por el Servicio de Salud de la Legislatura. Por este motivo a las 17 la reuni\u00f3n pas\u00f3 a un cuarto intermedio y ser\u00e1 reprogramada con el objetivo de que los Diputados puedan realizar las consultas al funcionario.<br \/>\nCronograma de ma\u00f1ana mi\u00e9rcoles<br \/>\nContinundo la ronda de visitas informativas, ma\u00f1ana expondr\u00e1n en el Sal\u00f3n Montevideo a partir las 10 los responsables de la Defensor\u00eda, Procuraci\u00f3n, Sindicatura y Auditor\u00eda; y a las 15, el Ministro de Ambiente y Espacio P\u00fablico.<br \/>\n\u00a0<\/p>\n","protected":false},"excerpt":{"rendered":"<p>El Secretario de Gesti\u00f3n Comunal y Atenci\u00f3n Ciudadana, Eduardo Maquiavelli solicit\u00f3 hoy una partida de 486,3 millones de pesos en el marco de una nueva reuni\u00f3n de funcionarios del Ejecutivo con diputados para analizar el proyecto de ley de Presupuesto 2013. En cuanto a la distribuci\u00f3n de la asignaci\u00f3n a las Comunas adelant\u00f3 que \u00ables [&hellip;]<\/p>\n","protected":false},"author":2,"featured_media":15252,"comment_status":"open","ping_status":"open","sticky":false,"template":"","format":"standard","meta":{"_et_pb_use_builder":"","_et_pb_old_content":"","_et_gb_content_width":"","footnotes":""},"categories":[11,44],"tags":[],"class_list":["post-15251","post","type-post","status-publish","format-standard","has-post-thumbnail","hentry","category-ciudad","category-funcionarios-de-la-caba"],"_links":{"self":[{"href":"https:\/\/vocesdebaires.com.ar\/index.php\/wp-json\/wp\/v2\/posts\/15251"}],"collection":[{"href":"https:\/\/vocesdebaires.com.ar\/index.php\/wp-json\/wp\/v2\/posts"}],"about":[{"href":"https:\/\/vocesdebaires.com.ar\/index.php\/wp-json\/wp\/v2\/types\/post"}],"author":[{"embeddable":true,"href":"https:\/\/vocesdebaires.com.ar\/index.php\/wp-json\/wp\/v2\/users\/2"}],"replies":[{"embeddable":true,"href":"https:\/\/vocesdebaires.com.ar\/index.php\/wp-json\/wp\/v2\/comments?post=15251"}],"version-history":[{"count":0,"href":"https:\/\/vocesdebaires.com.ar\/index.php\/wp-json\/wp\/v2\/posts\/15251\/revisions"}],"wp:featuredmedia":[{"embeddable":true,"href":"https:\/\/vocesdebaires.com.ar\/index.php\/wp-json\/wp\/v2\/media\/15252"}],"wp:attachment":[{"href":"https:\/\/vocesdebaires.com.ar\/index.php\/wp-json\/wp\/v2\/media?parent=15251"}],"wp:term":[{"taxonomy":"category","embeddable":true,"href":"https:\/\/vocesdebaires.com.ar\/index.php\/wp-json\/wp\/v2\/categories?post=15251"},{"taxonomy":"post_tag","embeddable":true,"href":"https:\/\/vocesdebaires.com.ar\/index.php\/wp-json\/wp\/v2\/tags?post=15251"}],"curies":[{"name":"wp","href":"https:\/\/api.w.org\/{rel}","templated":true}]}}