{"id":15259,"date":"2012-10-31T11:26:26","date_gmt":"2012-10-31T14:26:26","guid":{"rendered":"http:\/\/vocesdebaires.com.ar\/wordpress\/index.php\/2012\/10\/31\/amia-iran-nego-responsabilidad-en-el-atentado\/"},"modified":"2012-10-31T11:26:26","modified_gmt":"2012-10-31T14:26:26","slug":"amia-iran-nego-responsabilidad-en-el-atentado","status":"publish","type":"post","link":"https:\/\/vocesdebaires.com.ar\/index.php\/2012\/10\/31\/amia-iran-nego-responsabilidad-en-el-atentado\/","title":{"rendered":"AMIA: Ir\u00e1n nego responsabilidad en el atentado"},"content":{"rendered":"<p>El hermetismo de la primera reuni\u00f3n entre la Argentina e Ir\u00e1n por la causa AMIA tuvo ayer su primer trascendido de relevancia. El Gobierno de la Rep\u00fablica Isl\u00e1mica de Ir\u00e1n volvi\u00f3 a negar toda responsabilidad por el atentado de 1994 contra la mutual jud\u00eda -no reconociendo la participaci\u00f3n de iran\u00edes en el hecho-, y asegur\u00f3 estar \u201cdispuesto\u201d a colaborar para dar con los ejecutores del hecho que dej\u00f3 85 muertos y m\u00e1s de 300 heridos.<br \/>\n\u201cCondenamos el terrorismo y rechazamos todas las acusaciones contra nuestros ciudadanos\u201d, asegur\u00f3 ayer el vocero del Ministerio de Relaciones Exteriores de Ir\u00e1n, Ramin Mehmanparast. Asimismo, y seg\u00fan resalta el diario Jerusal\u00e9n Post, Mehmanparast tambi\u00e9n afirm\u00f3 que \u201clas negociaciones (con la Argentina en la sede de la ONU en Ginebra, Suiza) est\u00e1n en curso y continuar\u00e1n hasta que se alcance una conclusi\u00f3n clara\u201d.<br \/>\n\u00a0<\/p>\n","protected":false},"excerpt":{"rendered":"<p>El hermetismo de la primera reuni\u00f3n entre la Argentina e Ir\u00e1n por la causa AMIA tuvo ayer su primer trascendido de relevancia. El Gobierno de la Rep\u00fablica Isl\u00e1mica de Ir\u00e1n volvi\u00f3 a negar toda responsabilidad por el atentado de 1994 contra la mutual jud\u00eda -no reconociendo la participaci\u00f3n de iran\u00edes en el hecho-, y asegur\u00f3 [&hellip;]<\/p>\n","protected":false},"author":2,"featured_media":15260,"comment_status":"open","ping_status":"open","sticky":false,"template":"","format":"standard","meta":{"_et_pb_use_builder":"","_et_pb_old_content":"","_et_gb_content_width":"","footnotes":""},"categories":[11,33],"tags":[],"class_list":["post-15259","post","type-post","status-publish","format-standard","has-post-thumbnail","hentry","category-ciudad","category-sociedad-y-cultura-2"],"_links":{"self":[{"href":"https:\/\/vocesdebaires.com.ar\/index.php\/wp-json\/wp\/v2\/posts\/15259"}],"collection":[{"href":"https:\/\/vocesdebaires.com.ar\/index.php\/wp-json\/wp\/v2\/posts"}],"about":[{"href":"https:\/\/vocesdebaires.com.ar\/index.php\/wp-json\/wp\/v2\/types\/post"}],"author":[{"embeddable":true,"href":"https:\/\/vocesdebaires.com.ar\/index.php\/wp-json\/wp\/v2\/users\/2"}],"replies":[{"embeddable":true,"href":"https:\/\/vocesdebaires.com.ar\/index.php\/wp-json\/wp\/v2\/comments?post=15259"}],"version-history":[{"count":0,"href":"https:\/\/vocesdebaires.com.ar\/index.php\/wp-json\/wp\/v2\/posts\/15259\/revisions"}],"wp:featuredmedia":[{"embeddable":true,"href":"https:\/\/vocesdebaires.com.ar\/index.php\/wp-json\/wp\/v2\/media\/15260"}],"wp:attachment":[{"href":"https:\/\/vocesdebaires.com.ar\/index.php\/wp-json\/wp\/v2\/media?parent=15259"}],"wp:term":[{"taxonomy":"category","embeddable":true,"href":"https:\/\/vocesdebaires.com.ar\/index.php\/wp-json\/wp\/v2\/categories?post=15259"},{"taxonomy":"post_tag","embeddable":true,"href":"https:\/\/vocesdebaires.com.ar\/index.php\/wp-json\/wp\/v2\/tags?post=15259"}],"curies":[{"name":"wp","href":"https:\/\/api.w.org\/{rel}","templated":true}]}}