{"id":1527,"date":"2020-07-15T03:00:00","date_gmt":"2020-07-15T06:00:00","guid":{"rendered":"http:\/\/vocesdebaires.com.ar\/wordpress\/index.php\/2020\/07\/15\/ciudadpolicia-secuestro-prendas-marcas-apocrifas\/"},"modified":"2020-07-15T03:00:00","modified_gmt":"2020-07-15T06:00:00","slug":"ciudadpolicia-secuestro-prendas-marcas-apocrifas","status":"publish","type":"post","link":"https:\/\/vocesdebaires.com.ar\/index.php\/2020\/07\/15\/ciudadpolicia-secuestro-prendas-marcas-apocrifas\/","title":{"rendered":"Ciudad:Polic\u00eda secuestr\u00f3 prendas marcas ap\u00f3crifas"},"content":{"rendered":"<p>El procedimiento fue realizado por el Departamento Motorizada de la Polic\u00eda de la Ciudad, con la colaboraci\u00f3n de la Direcci\u00f3n General de Coordinaci\u00f3n Operativa del Ministerio de Justicia y Seguridad, en el cruce de las avenidas General Paz y Coronel Roca, frente al Aut\u00f3dromo Oscar y Juan G\u00e1lvez, en el marco de los controles para dar cumplimiento a la cuarentena. En ese punto de ingreso suroeste a la Ciudad, los oficiales detuvieron la marcha de un Chevrolet Classic conducido por un remisero y una pasajera de 28 a\u00f1os de nacionalidad boliviana, quien admiti\u00f3 que llevaba bultos con ropa para despachar, sin tener documentaci\u00f3n de la mercader\u00eda. En la revisi\u00f3n ante testigos se detectaron 450 prendas entre conjuntos de buzo y pantal\u00f3n, y remeras con el logo ap\u00f3crifo de la marca Adidas. Ante la consulta al Juzgado en lo Criminal y Correccional Federal 12, a cargo del Dr. Rodolfo Canicoba Corral, secretar\u00eda 24 de Marisol del Pilar Caballero, se dispuso el secuestro de la mercader\u00eda y notificar a la mujer por la infracci\u00f3n a la ley de Marcas (32.362) y al art\u00edculo 205 del C\u00f3digo Penal de la Naci\u00f3n por incumplir la cuarentena por el coronavirus.<\/p>\n","protected":false},"excerpt":{"rendered":"<p>El procedimiento fue realizado por el Departamento Motorizada de la Polic\u00eda de la Ciudad, con la colaboraci\u00f3n de la Direcci\u00f3n General de Coordinaci\u00f3n Operativa del Ministerio de Justicia y Seguridad, en el cruce de las avenidas General Paz y Coronel Roca, frente al Aut\u00f3dromo Oscar y Juan G\u00e1lvez, en el marco de los controles para [&hellip;]<\/p>\n","protected":false},"author":1,"featured_media":1528,"comment_status":"open","ping_status":"open","sticky":false,"template":"","format":"standard","meta":{"_et_pb_use_builder":"","_et_pb_old_content":"","_et_gb_content_width":"","footnotes":""},"categories":[11,32],"tags":[],"class_list":["post-1527","post","type-post","status-publish","format-standard","has-post-thumbnail","hentry","category-ciudad","category-comunas"],"_links":{"self":[{"href":"https:\/\/vocesdebaires.com.ar\/index.php\/wp-json\/wp\/v2\/posts\/1527"}],"collection":[{"href":"https:\/\/vocesdebaires.com.ar\/index.php\/wp-json\/wp\/v2\/posts"}],"about":[{"href":"https:\/\/vocesdebaires.com.ar\/index.php\/wp-json\/wp\/v2\/types\/post"}],"author":[{"embeddable":true,"href":"https:\/\/vocesdebaires.com.ar\/index.php\/wp-json\/wp\/v2\/users\/1"}],"replies":[{"embeddable":true,"href":"https:\/\/vocesdebaires.com.ar\/index.php\/wp-json\/wp\/v2\/comments?post=1527"}],"version-history":[{"count":0,"href":"https:\/\/vocesdebaires.com.ar\/index.php\/wp-json\/wp\/v2\/posts\/1527\/revisions"}],"wp:featuredmedia":[{"embeddable":true,"href":"https:\/\/vocesdebaires.com.ar\/index.php\/wp-json\/wp\/v2\/media\/1528"}],"wp:attachment":[{"href":"https:\/\/vocesdebaires.com.ar\/index.php\/wp-json\/wp\/v2\/media?parent=1527"}],"wp:term":[{"taxonomy":"category","embeddable":true,"href":"https:\/\/vocesdebaires.com.ar\/index.php\/wp-json\/wp\/v2\/categories?post=1527"},{"taxonomy":"post_tag","embeddable":true,"href":"https:\/\/vocesdebaires.com.ar\/index.php\/wp-json\/wp\/v2\/tags?post=1527"}],"curies":[{"name":"wp","href":"https:\/\/api.w.org\/{rel}","templated":true}]}}