{"id":15311,"date":"2012-11-05T12:11:56","date_gmt":"2012-11-05T15:11:56","guid":{"rendered":"http:\/\/vocesdebaires.com.ar\/wordpress\/index.php\/2012\/11\/05\/un-distrito-de-las-artespara-la-cultura\/"},"modified":"2012-11-05T12:11:56","modified_gmt":"2012-11-05T15:11:56","slug":"un-distrito-de-las-artespara-la-cultura","status":"publish","type":"post","link":"https:\/\/vocesdebaires.com.ar\/index.php\/2012\/11\/05\/un-distrito-de-las-artespara-la-cultura\/","title":{"rendered":"Un Distrito de las Artes,para la cultura."},"content":{"rendered":"<p>Con fuerte arraigo cultural y tur\u00edstico, los barrios de La Boca, Barracas y San Telmo constituir\u00e1n el nuevo Distrito de las Artes, para fomentar las actividades referidas a artes visuales, musicales, literarias y esc\u00e9nicas. Ser\u00e1 el tercer polo con que cuenta la Ciudad, tras los Distritos Tecnol\u00f3gico y Audiovisual.\u201cLos Distritos son una f\u00f3rmula de crecimiento probada, por eso recibi\u00f3 el apoyo de la Legislatura. El objetivo es mejorar San Telmo y La Boca, y lograr que el turismo se quede un d\u00eda m\u00e1s en Buenos Aires, con el impacto econ\u00f3mico que esto implica\u201d, dijo el ministro de Desarrollo Econ\u00f3mico, Francisco Cabrera.<br \/>\nEl proyecto apunta a que esta zona del sur porte\u00f1o, que ya cuenta con la Usina del Arte, el Museo del Cine, el Museo de Arte Moderno y la Fundaci\u00f3n Proa entre otros emprendimientos, sea base para el desarrollo de mayor infraestructura art\u00edstica y para la promoci\u00f3n de actividades culturales.Aquellas empresas que se instalen all\u00ed contar\u00e1n con beneficios, principalmente impositivos y de financiamiento: ser\u00e1 una zona libre de impuestos para el sector y adem\u00e1s habr\u00e1 l\u00edneas de cr\u00e9ditos preferenciales para todo establecimiento cultural que se mude al Polo.El primer Distrito porte\u00f1o fue el Tecnol\u00f3gico, que funciona desde 2009 en Parque Patricios. El Audiovisual, en tanto, se inaugur\u00f3 en mayo de 2012 en Chacarita, Paternal, Villa Ort\u00fazar, Colegiales y Palermo.<br \/>\n\u00a0<\/p>\n","protected":false},"excerpt":{"rendered":"<p>Con fuerte arraigo cultural y tur\u00edstico, los barrios de La Boca, Barracas y San Telmo constituir\u00e1n el nuevo Distrito de las Artes, para fomentar las actividades referidas a artes visuales, musicales, literarias y esc\u00e9nicas. Ser\u00e1 el tercer polo con que cuenta la Ciudad, tras los Distritos Tecnol\u00f3gico y Audiovisual.\u201cLos Distritos son una f\u00f3rmula de crecimiento [&hellip;]<\/p>\n","protected":false},"author":2,"featured_media":15312,"comment_status":"open","ping_status":"open","sticky":false,"template":"","format":"standard","meta":{"_et_pb_use_builder":"","_et_pb_old_content":"","_et_gb_content_width":"","footnotes":""},"categories":[11,32],"tags":[],"class_list":["post-15311","post","type-post","status-publish","format-standard","has-post-thumbnail","hentry","category-ciudad","category-comunas"],"_links":{"self":[{"href":"https:\/\/vocesdebaires.com.ar\/index.php\/wp-json\/wp\/v2\/posts\/15311"}],"collection":[{"href":"https:\/\/vocesdebaires.com.ar\/index.php\/wp-json\/wp\/v2\/posts"}],"about":[{"href":"https:\/\/vocesdebaires.com.ar\/index.php\/wp-json\/wp\/v2\/types\/post"}],"author":[{"embeddable":true,"href":"https:\/\/vocesdebaires.com.ar\/index.php\/wp-json\/wp\/v2\/users\/2"}],"replies":[{"embeddable":true,"href":"https:\/\/vocesdebaires.com.ar\/index.php\/wp-json\/wp\/v2\/comments?post=15311"}],"version-history":[{"count":0,"href":"https:\/\/vocesdebaires.com.ar\/index.php\/wp-json\/wp\/v2\/posts\/15311\/revisions"}],"wp:featuredmedia":[{"embeddable":true,"href":"https:\/\/vocesdebaires.com.ar\/index.php\/wp-json\/wp\/v2\/media\/15312"}],"wp:attachment":[{"href":"https:\/\/vocesdebaires.com.ar\/index.php\/wp-json\/wp\/v2\/media?parent=15311"}],"wp:term":[{"taxonomy":"category","embeddable":true,"href":"https:\/\/vocesdebaires.com.ar\/index.php\/wp-json\/wp\/v2\/categories?post=15311"},{"taxonomy":"post_tag","embeddable":true,"href":"https:\/\/vocesdebaires.com.ar\/index.php\/wp-json\/wp\/v2\/tags?post=15311"}],"curies":[{"name":"wp","href":"https:\/\/api.w.org\/{rel}","templated":true}]}}