{"id":15324,"date":"2012-11-06T13:17:12","date_gmt":"2012-11-06T16:17:12","guid":{"rendered":"http:\/\/vocesdebaires.com.ar\/wordpress\/index.php\/2012\/11\/06\/mas-de-cien-diputados-firmaran-contra-la-re-re\/"},"modified":"2012-11-06T13:17:12","modified_gmt":"2012-11-06T16:17:12","slug":"mas-de-cien-diputados-firmaran-contra-la-re-re","status":"publish","type":"post","link":"https:\/\/vocesdebaires.com.ar\/index.php\/2012\/11\/06\/mas-de-cien-diputados-firmaran-contra-la-re-re\/","title":{"rendered":"M\u00e1s de cien diputados firmar\u00e1n contra la re-re"},"content":{"rendered":"<p>Finalmente, los diputados opositores replicar\u00e1n hoy al mediod\u00eda la movida que inici\u00f3 el mi\u00e9rcoles pasado el arco no oficialista en el Senado: dejar\u00e1n asentado en un documento el compromiso de \u201cvotar en contra de cualquier proyecto que intente declarar la necesidad de una reforma constitucional\u201d. Anoche estimaban superar las cien firmas, con el objetivo de superar el tercio de 86 representantes. As\u00ed, quedar\u00eda obstaculizado cualquier intento re-reeleccionista (se precisan dos tercios de ambas c\u00e1maras) hasta el recambio legislativo de 2013, aunque el kirchnerismo ya ten\u00eda decidido esperar los resultados del a\u00f1o pr\u00f3ximo para medir fuerzas.<br \/>\nLa presentaci\u00f3n de los diputados ser\u00e1 simb\u00f3lica, y marcar\u00e1 otra coincidencia entre los opositores para enfrentar el avance del oficialismo. Sin embrago, en la C\u00e1mara baja el escenario asoma diferente que en el Senado. De los legisladores que firmar\u00e1n el compromiso, a 70 se les terminar\u00e1 el mandato en 2013. Con una elecci\u00f3n similar a la del a\u00f1o pasado -aunque ser\u00e1 m\u00e1s complicada porque no traccionar\u00e1 la candidatura presidencial-, el kirchnerismo quedar\u00eda cerca de los dos tercios. En la C\u00e1mara alta, en cambio, ni siquiera un resultado apabullante har\u00eda perder a los opositores los 25 necesarios para rechazar la reforma.La Uni\u00f3n C\u00edvica Radical, el Frente peronista, el PRO, la Coalici\u00f3n C\u00edvica, Proyecto Sur y casi todo el Frente Amplio Progresista (se autoexcluy\u00f3 el sector de Claudio Lozano) ratificar\u00e1n por escrito el rechazo a la re-re, junto con diputados de monobloques como Patricia Bullrich, Graciela Oca\u00f1a y Carlos Favario.<br \/>\n\u00a0<\/p>\n","protected":false},"excerpt":{"rendered":"<p>Finalmente, los diputados opositores replicar\u00e1n hoy al mediod\u00eda la movida que inici\u00f3 el mi\u00e9rcoles pasado el arco no oficialista en el Senado: dejar\u00e1n asentado en un documento el compromiso de \u201cvotar en contra de cualquier proyecto que intente declarar la necesidad de una reforma constitucional\u201d. Anoche estimaban superar las cien firmas, con el objetivo de [&hellip;]<\/p>\n","protected":false},"author":2,"featured_media":15325,"comment_status":"open","ping_status":"open","sticky":false,"template":"","format":"standard","meta":{"_et_pb_use_builder":"","_et_pb_old_content":"","_et_gb_content_width":"","footnotes":""},"categories":[12,34],"tags":[],"class_list":["post-15324","post","type-post","status-publish","format-standard","has-post-thumbnail","hentry","category-nacion","category-politica"],"_links":{"self":[{"href":"https:\/\/vocesdebaires.com.ar\/index.php\/wp-json\/wp\/v2\/posts\/15324"}],"collection":[{"href":"https:\/\/vocesdebaires.com.ar\/index.php\/wp-json\/wp\/v2\/posts"}],"about":[{"href":"https:\/\/vocesdebaires.com.ar\/index.php\/wp-json\/wp\/v2\/types\/post"}],"author":[{"embeddable":true,"href":"https:\/\/vocesdebaires.com.ar\/index.php\/wp-json\/wp\/v2\/users\/2"}],"replies":[{"embeddable":true,"href":"https:\/\/vocesdebaires.com.ar\/index.php\/wp-json\/wp\/v2\/comments?post=15324"}],"version-history":[{"count":0,"href":"https:\/\/vocesdebaires.com.ar\/index.php\/wp-json\/wp\/v2\/posts\/15324\/revisions"}],"wp:featuredmedia":[{"embeddable":true,"href":"https:\/\/vocesdebaires.com.ar\/index.php\/wp-json\/wp\/v2\/media\/15325"}],"wp:attachment":[{"href":"https:\/\/vocesdebaires.com.ar\/index.php\/wp-json\/wp\/v2\/media?parent=15324"}],"wp:term":[{"taxonomy":"category","embeddable":true,"href":"https:\/\/vocesdebaires.com.ar\/index.php\/wp-json\/wp\/v2\/categories?post=15324"},{"taxonomy":"post_tag","embeddable":true,"href":"https:\/\/vocesdebaires.com.ar\/index.php\/wp-json\/wp\/v2\/tags?post=15324"}],"curies":[{"name":"wp","href":"https:\/\/api.w.org\/{rel}","templated":true}]}}