{"id":15336,"date":"2012-11-06T14:14:59","date_gmt":"2012-11-06T17:14:59","guid":{"rendered":"http:\/\/vocesdebaires.com.ar\/wordpress\/index.php\/2012\/11\/06\/la-jefatura-de-gobierno-expuso-su-presupuesto\/"},"modified":"2012-11-06T14:14:59","modified_gmt":"2012-11-06T17:14:59","slug":"la-jefatura-de-gobierno-expuso-su-presupuesto","status":"publish","type":"post","link":"https:\/\/vocesdebaires.com.ar\/index.php\/2012\/11\/06\/la-jefatura-de-gobierno-expuso-su-presupuesto\/","title":{"rendered":"La Jefatura de Gobierno expuso su presupuesto"},"content":{"rendered":"<p>En una nueva ronda de visitas de funcionarios a la Comisi\u00f3n de Presupuesto de la Legislatura, se llev\u00f3 a cabo esta tarde la reuni\u00f3n que cont\u00f3 con la presencia del Secretario General de Gobierno, Marcos Pe\u00f1a junto a su equipo y a los subsecretarios. El presupuesto estimado para el \u00e1rea es de casi 760 millones de pesos.El funcionario detall\u00f3 los aspectos de la Pol\u00edtica Internacional del Gobierno de la Ciudad. \u00abEn este momento el Jefe de Gobierno est\u00e1 en San Pablo en la constituci\u00f3n del G-3 un acuerdo estructural entre nuestra ciudad, la de San Pablo y M\u00e9xico por cuestiones de cambio clim\u00e1tico. Estamos avanzando con otras capitales del Am\u00e9rica del Sur, \u00a0en lo que es la red de ciudades de Sudam\u00e9rica. En este sentido se ha consolidado una pol\u00edtica de Estado valiosa y se ven resultados sobretodo en el lugar que ocupa nuestra ciudad\u00bb, destac\u00f3 Pe\u00f1a al inicio de su intervenci\u00f3n.<br \/>\nLuego detall\u00f3 que \u00aben lo que hace a contenidos hubo un cambio de identidad de la Ciudad, recuperamos con algunos cambios el viejo escudo. Se trabaj\u00f3 en temas de bien p\u00fablico, como la agenda verde, el uso del transporte sustentable y el uso de bolsas pl\u00e1sticas de supermercado. Otro eje es el v\u00ednculo de la Ciudad con el resto del pa\u00eds, se hizo la campa\u00f1a Buenos Aires, Ciudad de todos los argentinos. En cuanto a la agenda cultural buscamos mejorar la difusi\u00f3n de los eventos culturales de la Ciudad. Estamos trabajando en varios enfoques de las \u00e1reas sociales como educaci\u00f3n, salud y vivienda que se ver\u00e1 pr\u00f3ximamente\u00bb.El Secretario explic\u00f3 adem\u00e1s que en cuanto a la comunicaci\u00f3n directa \u00abestamos trabajando con descentralizaci\u00f3n por las comunas, en lo que hace a la Secretar\u00eda de Medios, se lanz\u00f3 la nueva programaci\u00f3n del canal de la ciudad y de la radio. No hay grandes cambios estructurales en lo que hace al presupuesto. En lo que es comunicaci\u00f3n publicitaria la incidencia para 2013 es del 0,6 %\u00bb.<br \/>\nPreguntas de los Diputados<br \/>\nLa reuni\u00f3n comenz\u00f3 pasadas las 15 en el Sal\u00f3n Montevideo encabezada por el presidente de la Comisi\u00f3n de Presupuesto, Diputados Rogelio Frigerio (PRO), quien estuvo acompa\u00f1ado por los Diputados\/as Claudia Neira, Laura Garc\u00eda Tu\u00f1\u00f3n, Virginia Gonz\u00e1lez Gass (PSur), Mar\u00eda Elena Naddeo(FPyP), Fernando de Andreis, Alejandro Garc\u00eda, Francisco Quintana, Bruno Screnci SIlva, Carmen Polledo, L\u00eda Rueda, Oscar Zago, Marta Varela, Karina Spalla, Jorge Garayalde, Lidia Saya y Mart\u00edn Ocampo (PRO), Delia Bisutti (NE), Gabriela Alegre (FpV).<br \/>\nEn cuanto a las preguntas de los Diputados a Pe\u00f1a, se le consult\u00f3 sobre si sobrejecutar\u00e1n el presupuesto de este a\u00f1o (Diputada Neira), sobre el trabajo de difusi\u00f3n que se realiza con las comunas (Diputada Neira), sobre la cantidad de horas que se pasaron en Radio de la Ciudad (Diputada Bisutti), sobre el presupuesto asignado a los medios vecinales (Diputada Alegre), sobre el presupuesto para publicidad oficial (Diputada S\u00e1nchez And\u00eda).<br \/>\nEn este sentido Marcos Pe\u00f1a sostuvo que \u00absi uno ve el promedio hist\u00f3rico, la proporci\u00f3n de publicidad es pareja, estamos en el 0,6 % de presupuesto. Estamos trabajando con las \u00e1reas de gesti\u00f3n en cuanto a las comunas, pero seguramente hay espacio para mejorar esas propuestas y estamos abiertos a hacerlo. En cuanto a la recaudaci\u00f3n por publicidad en cable, el techo previsto es de 3 millones de pesos. Sobre la radio, tenemos una programaci\u00f3n de 14 mil horas, las dos radios est\u00e1n con la programaci\u00f3n a pleno. Respecto a los medios vecinales, tenemos 179 medios barriales, el presupuesto estimado es de entre 10 y 12 millones para 2013, en 2012 fue de 8,5 millones\u00bb.<br \/>\nPosteriormente se present\u00f3 la Presidente del Consejo de Ni\u00f1os, Ni\u00f1as y Adolescentes la Dra. Yael Silvina Bendel que detall\u00f3 los objetivos estrat\u00e9gicos del organismo. \u00abDebemos fortalecer y difundir el rol del Consejo y articularlo junto a otras \u00e1reas del gobierno. Otro de los objetivos es crear el Observatorio de Ni\u00f1ez y Adolescencia, entre otros ejes\u00b7\u00bb. La titular del Consejo destac\u00f3 adem\u00e1s que \u00abestamos con un proceso de selecci\u00f3n para cubrir 220 cargos, por ello los contratos de locaci\u00f3n aumentan el 1 por ciento ya que 220 personas pasan a Planta con lo cual se equiparan con los salarios, eso hace que estemos en condiciones de contratar 87 personas nuevas\u00bb.Con respecto a la l\u00ednea 102 \u00a0que es gratuita y funciona las 24 horas durante todo el a\u00f1o. \u00abLos operadores se encuentran capacitados para brindar a toda la comunidad la posibilidad de realizar denuncias de violaci\u00f3n de derechos de ni\u00f1os, ni\u00f1as y adolescentes y de recibir informaci\u00f3n y orientaci\u00f3n. Hemos atendido 20 a 25 llamadas por d\u00eda y claramente el objetivo es acercar el Consejo a los ni\u00f1os\u00bb, finalizo Bendel.<br \/>\n\u00a0<\/p>\n","protected":false},"excerpt":{"rendered":"<p>En una nueva ronda de visitas de funcionarios a la Comisi\u00f3n de Presupuesto de la Legislatura, se llev\u00f3 a cabo esta tarde la reuni\u00f3n que cont\u00f3 con la presencia del Secretario General de Gobierno, Marcos Pe\u00f1a junto a su equipo y a los subsecretarios. El presupuesto estimado para el \u00e1rea es de casi 760 millones [&hellip;]<\/p>\n","protected":false},"author":2,"featured_media":15337,"comment_status":"open","ping_status":"open","sticky":false,"template":"","format":"standard","meta":{"_et_pb_use_builder":"","_et_pb_old_content":"","_et_gb_content_width":"","footnotes":""},"categories":[11,44],"tags":[],"class_list":["post-15336","post","type-post","status-publish","format-standard","has-post-thumbnail","hentry","category-ciudad","category-funcionarios-de-la-caba"],"_links":{"self":[{"href":"https:\/\/vocesdebaires.com.ar\/index.php\/wp-json\/wp\/v2\/posts\/15336"}],"collection":[{"href":"https:\/\/vocesdebaires.com.ar\/index.php\/wp-json\/wp\/v2\/posts"}],"about":[{"href":"https:\/\/vocesdebaires.com.ar\/index.php\/wp-json\/wp\/v2\/types\/post"}],"author":[{"embeddable":true,"href":"https:\/\/vocesdebaires.com.ar\/index.php\/wp-json\/wp\/v2\/users\/2"}],"replies":[{"embeddable":true,"href":"https:\/\/vocesdebaires.com.ar\/index.php\/wp-json\/wp\/v2\/comments?post=15336"}],"version-history":[{"count":0,"href":"https:\/\/vocesdebaires.com.ar\/index.php\/wp-json\/wp\/v2\/posts\/15336\/revisions"}],"wp:featuredmedia":[{"embeddable":true,"href":"https:\/\/vocesdebaires.com.ar\/index.php\/wp-json\/wp\/v2\/media\/15337"}],"wp:attachment":[{"href":"https:\/\/vocesdebaires.com.ar\/index.php\/wp-json\/wp\/v2\/media?parent=15336"}],"wp:term":[{"taxonomy":"category","embeddable":true,"href":"https:\/\/vocesdebaires.com.ar\/index.php\/wp-json\/wp\/v2\/categories?post=15336"},{"taxonomy":"post_tag","embeddable":true,"href":"https:\/\/vocesdebaires.com.ar\/index.php\/wp-json\/wp\/v2\/tags?post=15336"}],"curies":[{"name":"wp","href":"https:\/\/api.w.org\/{rel}","templated":true}]}}