{"id":15380,"date":"2012-11-09T13:08:28","date_gmt":"2012-11-09T16:08:28","guid":{"rendered":"http:\/\/vocesdebaires.com.ar\/wordpress\/index.php\/2012\/11\/09\/miles-de-vecinos-sin-luz-y-sin-de-agua\/"},"modified":"2012-11-09T13:08:28","modified_gmt":"2012-11-09T16:08:28","slug":"miles-de-vecinos-sin-luz-y-sin-de-agua","status":"publish","type":"post","link":"https:\/\/vocesdebaires.com.ar\/index.php\/2012\/11\/09\/miles-de-vecinos-sin-luz-y-sin-de-agua\/","title":{"rendered":"Miles de vecinos sin luz y sin  de agua"},"content":{"rendered":"<p>El d\u00eda despu\u00e9s del apag\u00f3n, la luz tambi\u00e9n se hizo desear. Volvi\u00f3 en cuentagotas y en algunos barrios ni siquiera volvi\u00f3. Cerca de 25.000 usuarios (100.000 personas) continuaban ayer sin servicio, muchos de los cuales tambi\u00e9n sufr\u00edan la falta de agua, seg\u00fan cifras oficiales. El Gobierno nacional present\u00f3 una denuncia penal y la empresa Edesur se deslig\u00f3 de responsabilidades y tambi\u00e9n pidi\u00f3 la intervenci\u00f3n de la Justicia.<br \/>\nAunque las l\u00edneas de subte y la mayor\u00eda de los sem\u00e1foros funcionaban sin inconvenientes ayer por la ma\u00f1ana, algunos vecinos de La Paternal, Villa Crespo, Villa del Parque, Retiro, Liniers y Flores aseguraron que la energ\u00eda el\u00e9ctrica no hab\u00eda sido restituida a sus casas. Incluso, algunos usuarios continuaban sin luz desde unos d\u00edas antes que el apag\u00f3n. Un verdadero caos.<br \/>\nPero la ausencia de energ\u00eda no fue el \u00fanico obst\u00e1culo. La oscuridad trajo consigo falta de agua, lo que agrav\u00f3 la situaci\u00f3n en una jornada que volvi\u00f3 a registrar temperaturas cercanas a los 35 grados. Adem\u00e1s, los problemas por baja presi\u00f3n que comenzaron el mi\u00e9rcoles se repitieron en Saavedra, en el centro de la Ciudad y en el partido bonaerense de La Matanza. No obstante, la empresa AySA inform\u00f3 que logr\u00f3 normalizar el abastecimiento de agua potable desde la Planta Potabilizadora General San Mart\u00edn, en Palermo, con lo cual el panorama quedar\u00e1 solucionado en las pr\u00f3ximas horas.<br \/>\nTanto caos motiv\u00f3 al Gobierno nacional a efectuar una denuncia penal para investigar las causas del apag\u00f3n. \u201cLa Justicia tiene que hacer una investigaci\u00f3n para ver qui\u00e9n baj\u00f3 la palanca o interrumpi\u00f3 el servicio\u201d, reclam\u00f3 el ministro Julio De Vido. \u201cNo podemos echarle la culpa al calor. Nos llaman la atenci\u00f3n la hora, el lugar y la demanda, que era la mitad de la que esa l\u00ednea pod\u00eda transportar\u201d, dijo en referencia a la supuesta ca\u00edda de dos l\u00edneas de electricidad que vinculan la subestaci\u00f3n Hudson con la Central Costanera.La empresa Edesur coincidi\u00f3 con el Gobierno y consider\u00f3 \u201cde suma importancia\u201d que la Justicia investigue. Y descart\u00f3 que el colapso se debiera s\u00f3lo a un aumento de la demanda.<br \/>\n\u00a0<\/p>\n","protected":false},"excerpt":{"rendered":"<p>El d\u00eda despu\u00e9s del apag\u00f3n, la luz tambi\u00e9n se hizo desear. Volvi\u00f3 en cuentagotas y en algunos barrios ni siquiera volvi\u00f3. Cerca de 25.000 usuarios (100.000 personas) continuaban ayer sin servicio, muchos de los cuales tambi\u00e9n sufr\u00edan la falta de agua, seg\u00fan cifras oficiales. El Gobierno nacional present\u00f3 una denuncia penal y la empresa Edesur [&hellip;]<\/p>\n","protected":false},"author":2,"featured_media":15381,"comment_status":"open","ping_status":"open","sticky":false,"template":"","format":"standard","meta":{"_et_pb_use_builder":"","_et_pb_old_content":"","_et_gb_content_width":"","footnotes":""},"categories":[11,32],"tags":[],"class_list":["post-15380","post","type-post","status-publish","format-standard","has-post-thumbnail","hentry","category-ciudad","category-comunas"],"_links":{"self":[{"href":"https:\/\/vocesdebaires.com.ar\/index.php\/wp-json\/wp\/v2\/posts\/15380"}],"collection":[{"href":"https:\/\/vocesdebaires.com.ar\/index.php\/wp-json\/wp\/v2\/posts"}],"about":[{"href":"https:\/\/vocesdebaires.com.ar\/index.php\/wp-json\/wp\/v2\/types\/post"}],"author":[{"embeddable":true,"href":"https:\/\/vocesdebaires.com.ar\/index.php\/wp-json\/wp\/v2\/users\/2"}],"replies":[{"embeddable":true,"href":"https:\/\/vocesdebaires.com.ar\/index.php\/wp-json\/wp\/v2\/comments?post=15380"}],"version-history":[{"count":0,"href":"https:\/\/vocesdebaires.com.ar\/index.php\/wp-json\/wp\/v2\/posts\/15380\/revisions"}],"wp:featuredmedia":[{"embeddable":true,"href":"https:\/\/vocesdebaires.com.ar\/index.php\/wp-json\/wp\/v2\/media\/15381"}],"wp:attachment":[{"href":"https:\/\/vocesdebaires.com.ar\/index.php\/wp-json\/wp\/v2\/media?parent=15380"}],"wp:term":[{"taxonomy":"category","embeddable":true,"href":"https:\/\/vocesdebaires.com.ar\/index.php\/wp-json\/wp\/v2\/categories?post=15380"},{"taxonomy":"post_tag","embeddable":true,"href":"https:\/\/vocesdebaires.com.ar\/index.php\/wp-json\/wp\/v2\/tags?post=15380"}],"curies":[{"name":"wp","href":"https:\/\/api.w.org\/{rel}","templated":true}]}}