{"id":15382,"date":"2012-11-09T13:15:19","date_gmt":"2012-11-09T16:15:19","guid":{"rendered":"http:\/\/vocesdebaires.com.ar\/wordpress\/index.php\/2012\/11\/09\/apuran-la-recoleccion-antes-de-la-lluvia\/"},"modified":"2012-11-09T13:15:19","modified_gmt":"2012-11-09T16:15:19","slug":"apuran-la-recoleccion-antes-de-la-lluvia","status":"publish","type":"post","link":"https:\/\/vocesdebaires.com.ar\/index.php\/2012\/11\/09\/apuran-la-recoleccion-antes-de-la-lluvia\/","title":{"rendered":"Apuran la recolecci\u00f3n antes de la lluvia"},"content":{"rendered":"<p>Olor, olor y muy mal olor. M\u00e1s que Buenos Aires, estos d\u00edas fueron Malos Aires. Hace una semana que las bolsas de basura est\u00e1n tiradas en las esquinas porte\u00f1as, los contenedores desbordan de bolsas y hay monta\u00f1as de residuos que los rodean. Las promesas de \u201cnormalizaci\u00f3n\u201d de la situaci\u00f3n siguen: que ayer a la noche, que hoy a la noche, que ma\u00f1ana, que pasado. Pero las bolsas contin\u00faan ah\u00ed. Hay riesgo sanitario por las altas temperaturas y, para peor, se viene la tormenta. Si la basura permanece en las calles para el momento de la lluvia, la situaci\u00f3n puede empeorar. La cuesti\u00f3n de fondo sobre d\u00f3nde se depositar\u00e1n los desechos cuando se cierre un relleno sanitario en la periferia de Buenos Aires no est\u00e1 resuelta y los trabajadores reclaman por sus fuentes de trabajo.<br \/>\nLa situaci\u00f3n es m\u00e1s complicada por la ola de calor que afecta a la Ciudad, con m\u00e1s de 37 grados de t\u00e9rmica a las 12.30. Los barrios que ayer segu\u00edan sin recolecci\u00f3n de residuos son Balvanera, La Boca, Constituci\u00f3n, Monserrat, Puerto Madero, Recoleta, Retiro, San Nicol\u00e1s, San Telmo, zonas de Almagro, Barracas, Palermo, Villa Crespo y Chacarita. \u201cSe trabaja al ciento por ciento en los rellenos\u201d, dijeron desde la Ceamse.<br \/>\n\u00a0<\/p>\n","protected":false},"excerpt":{"rendered":"<p>Olor, olor y muy mal olor. M\u00e1s que Buenos Aires, estos d\u00edas fueron Malos Aires. Hace una semana que las bolsas de basura est\u00e1n tiradas en las esquinas porte\u00f1as, los contenedores desbordan de bolsas y hay monta\u00f1as de residuos que los rodean. Las promesas de \u201cnormalizaci\u00f3n\u201d de la situaci\u00f3n siguen: que ayer a la noche, [&hellip;]<\/p>\n","protected":false},"author":2,"featured_media":15383,"comment_status":"open","ping_status":"open","sticky":false,"template":"","format":"standard","meta":{"_et_pb_use_builder":"","_et_pb_old_content":"","_et_gb_content_width":"","footnotes":""},"categories":[11,32],"tags":[],"class_list":["post-15382","post","type-post","status-publish","format-standard","has-post-thumbnail","hentry","category-ciudad","category-comunas"],"_links":{"self":[{"href":"https:\/\/vocesdebaires.com.ar\/index.php\/wp-json\/wp\/v2\/posts\/15382"}],"collection":[{"href":"https:\/\/vocesdebaires.com.ar\/index.php\/wp-json\/wp\/v2\/posts"}],"about":[{"href":"https:\/\/vocesdebaires.com.ar\/index.php\/wp-json\/wp\/v2\/types\/post"}],"author":[{"embeddable":true,"href":"https:\/\/vocesdebaires.com.ar\/index.php\/wp-json\/wp\/v2\/users\/2"}],"replies":[{"embeddable":true,"href":"https:\/\/vocesdebaires.com.ar\/index.php\/wp-json\/wp\/v2\/comments?post=15382"}],"version-history":[{"count":0,"href":"https:\/\/vocesdebaires.com.ar\/index.php\/wp-json\/wp\/v2\/posts\/15382\/revisions"}],"wp:featuredmedia":[{"embeddable":true,"href":"https:\/\/vocesdebaires.com.ar\/index.php\/wp-json\/wp\/v2\/media\/15383"}],"wp:attachment":[{"href":"https:\/\/vocesdebaires.com.ar\/index.php\/wp-json\/wp\/v2\/media?parent=15382"}],"wp:term":[{"taxonomy":"category","embeddable":true,"href":"https:\/\/vocesdebaires.com.ar\/index.php\/wp-json\/wp\/v2\/categories?post=15382"},{"taxonomy":"post_tag","embeddable":true,"href":"https:\/\/vocesdebaires.com.ar\/index.php\/wp-json\/wp\/v2\/tags?post=15382"}],"curies":[{"name":"wp","href":"https:\/\/api.w.org\/{rel}","templated":true}]}}