{"id":15441,"date":"2012-09-03T16:06:07","date_gmt":"2012-09-03T19:06:07","guid":{"rendered":"http:\/\/vocesdebaires.com.ar\/wordpress\/index.php\/2012\/09\/03\/no-cuenten-con-nadal-para-la-davis\/"},"modified":"2012-09-03T16:06:07","modified_gmt":"2012-09-03T19:06:07","slug":"no-cuenten-con-nadal-para-la-davis","status":"publish","type":"post","link":"https:\/\/vocesdebaires.com.ar\/index.php\/2012\/09\/03\/no-cuenten-con-nadal-para-la-davis\/","title":{"rendered":"No cuenten con Nadal para la Davis"},"content":{"rendered":"<p>El tenista espa\u00f1ol Rafael Nadal, actualmente n\u00famero 3 del mundo, anunci\u00f3 que dejar\u00e1 de jugar durante los pr\u00f3ximos dos meses para recuperarse de una lesi\u00f3n de rodilla y que no participar\u00e1 de la semifinal de la Copa Davis.\u00bbTengo que recuperar y voy a estar de vuelta una vez que el dolor se ha ido\u00bb, sostuvo Nadal en un parte de prensa emitido desde su ciudad natal, Manacor, y transmitido v\u00eda mail por su jefe de prensa, Benito P\u00e9rez Barbadillo.<br \/>\n\u00abRafa tiene rotura parcial del tend\u00f3n de la r\u00f3tula en el polo distal de la r\u00f3tula adem\u00e1s de una inflamaci\u00f3n de la almohadilla de grasa de Hoffa de la rodilla izquierda\u00bb, se\u00f1al\u00f3 el parte de P\u00e9rez Barbadillo Explic\u00f3 que el tenista \u00abha estado recibiendo medicaci\u00f3n, fisioterapia y una programa progresivo de rehabilitaci\u00f3n y potenciaci\u00f3n muscular.\u00bbHe perdido los Juegos Ol\u00edmpicos y el Abierto de EE.UU. en el \u00faltimo pocas semanas, de los torneos m\u00e1s importantes del a\u00f1o que quer\u00eda jugar. Tengo muchas ganas de estar de vuelta compitiendo y disfrutando de la gira de tenis, pero tengo muchos a\u00f1os por delante de m\u00ed y mi rodilla necesita un poco de descanso. Volver\u00e9 cuando no tenga dolor y sea capaz de competir\u00bb, explic\u00f3 el mallorqu\u00edn.<br \/>\nAdem\u00e1s que abstenerse de jugar la Copa Davis ante Estados Unidos del 4 al 16 de setiembre en Gij\u00f3n, es un enigma si podr\u00e1 estar entre el 16 y 18 de noviembre en la final siempre que Espa\u00f1a pase a la fase decisiva.\u00a0De hacerlo podr\u00eda tener que enfrentar a Argentina en el Parque Roca si primero Juan Mart\u00edn Del Potro y compa\u00f1\u00eda eliminan a Rep\u00fablica Checa.<br \/>\n\u00a0<\/p>\n","protected":false},"excerpt":{"rendered":"<p>El tenista espa\u00f1ol Rafael Nadal, actualmente n\u00famero 3 del mundo, anunci\u00f3 que dejar\u00e1 de jugar durante los pr\u00f3ximos dos meses para recuperarse de una lesi\u00f3n de rodilla y que no participar\u00e1 de la semifinal de la Copa Davis.\u00bbTengo que recuperar y voy a estar de vuelta una vez que el dolor se ha ido\u00bb, sostuvo [&hellip;]<\/p>\n","protected":false},"author":2,"featured_media":15442,"comment_status":"open","ping_status":"open","sticky":false,"template":"","format":"standard","meta":{"_et_pb_use_builder":"","_et_pb_old_content":"","_et_gb_content_width":"","footnotes":""},"categories":[14,51],"tags":[],"class_list":["post-15441","post","type-post","status-publish","format-standard","has-post-thumbnail","hentry","category-deportes","category-tenis"],"_links":{"self":[{"href":"https:\/\/vocesdebaires.com.ar\/index.php\/wp-json\/wp\/v2\/posts\/15441"}],"collection":[{"href":"https:\/\/vocesdebaires.com.ar\/index.php\/wp-json\/wp\/v2\/posts"}],"about":[{"href":"https:\/\/vocesdebaires.com.ar\/index.php\/wp-json\/wp\/v2\/types\/post"}],"author":[{"embeddable":true,"href":"https:\/\/vocesdebaires.com.ar\/index.php\/wp-json\/wp\/v2\/users\/2"}],"replies":[{"embeddable":true,"href":"https:\/\/vocesdebaires.com.ar\/index.php\/wp-json\/wp\/v2\/comments?post=15441"}],"version-history":[{"count":0,"href":"https:\/\/vocesdebaires.com.ar\/index.php\/wp-json\/wp\/v2\/posts\/15441\/revisions"}],"wp:featuredmedia":[{"embeddable":true,"href":"https:\/\/vocesdebaires.com.ar\/index.php\/wp-json\/wp\/v2\/media\/15442"}],"wp:attachment":[{"href":"https:\/\/vocesdebaires.com.ar\/index.php\/wp-json\/wp\/v2\/media?parent=15441"}],"wp:term":[{"taxonomy":"category","embeddable":true,"href":"https:\/\/vocesdebaires.com.ar\/index.php\/wp-json\/wp\/v2\/categories?post=15441"},{"taxonomy":"post_tag","embeddable":true,"href":"https:\/\/vocesdebaires.com.ar\/index.php\/wp-json\/wp\/v2\/tags?post=15441"}],"curies":[{"name":"wp","href":"https:\/\/api.w.org\/{rel}","templated":true}]}}