{"id":15457,"date":"2012-09-03T17:54:54","date_gmt":"2012-09-03T20:54:54","guid":{"rendered":"http:\/\/vocesdebaires.com.ar\/wordpress\/index.php\/2012\/09\/03\/votar-a-los-16\/"},"modified":"2012-09-03T17:54:54","modified_gmt":"2012-09-03T20:54:54","slug":"votar-a-los-16","status":"publish","type":"post","link":"https:\/\/vocesdebaires.com.ar\/index.php\/2012\/09\/03\/votar-a-los-16\/","title":{"rendered":"Votar a los 16"},"content":{"rendered":"<p>Veinte a\u00f1os. Esa es la edad en la que el cerebro reci\u00e9n comienza a madurar, seg\u00fan opin\u00f3 el prestigioso neurocient\u00edfico salte\u00f1o Facundo Manes al ser consultado sobre el desarrollo neurol\u00f3gico de los adolescentes, en medio del debate por la iniciativa para que estos puedan concurrir a las urnas.<br \/>\nEl proyecto impulsado por el oficialismo, que de aprobarse permitir\u00eda votar a los j\u00f3venes de 16 a\u00f1os a partir de las legislativas del pr\u00f3ximo a\u00f1o, no convence al prestigioso m\u00e9dico ya que a esa edad, \u00abbasado en lo que sabemos sobre el tema, el cerebro del adolescente est\u00e1 en plena maduraci\u00f3n, est\u00e1 b\u00e1sicamente regulando los impulsos, con el cerebro racional\u00bb.Manes, docente de la UBA y profesor de Neurolog\u00eda y Neurociencias Cognitivas en la Universidad Favaloro, pidi\u00f3 que estas consideraciones, avaladas por numerosos informes e investigaciones, sean tomadas en cuenta por el Congreso.<br \/>\n\u00abLa ciencia es la base para el desarrollo social de un pa\u00eds. Si nos llenamos la boca hablando de la ciencia, no la dejemos de lado cuando pensemos leyes que pueden tener una implicaci\u00f3n en la sociedad\u00bb, opin\u00f3.Esta ma\u00f1ana, el senador kirchnerista An\u00edbal Fern\u00e1ndez defendi\u00f3 el voto optativo para j\u00f3venes entre 16 y 18 a\u00f1os y llam\u00f3 a sumarles a los adolescentes los derechos para los \u00abque no est\u00e1n habilitados\u00bb.Por su parte, el ex vicepresidente de la Naci\u00f3n, Julio Cobos opin\u00f3 que el proyecto se merece un debate \u00abcon el tiempo necesario\u00bb, y que \u00abes un tema de agenda que quiere poner el Gobierno creyendo que les va a traer un beneficio electoral\u00bb.<br \/>\n\u00a0<\/p>\n","protected":false},"excerpt":{"rendered":"<p>Veinte a\u00f1os. Esa es la edad en la que el cerebro reci\u00e9n comienza a madurar, seg\u00fan opin\u00f3 el prestigioso neurocient\u00edfico salte\u00f1o Facundo Manes al ser consultado sobre el desarrollo neurol\u00f3gico de los adolescentes, en medio del debate por la iniciativa para que estos puedan concurrir a las urnas. El proyecto impulsado por el oficialismo, que [&hellip;]<\/p>\n","protected":false},"author":2,"featured_media":15458,"comment_status":"open","ping_status":"open","sticky":false,"template":"","format":"standard","meta":{"_et_pb_use_builder":"","_et_pb_old_content":"","_et_gb_content_width":"","footnotes":""},"categories":[11,33],"tags":[],"class_list":["post-15457","post","type-post","status-publish","format-standard","has-post-thumbnail","hentry","category-ciudad","category-sociedad-y-cultura-2"],"_links":{"self":[{"href":"https:\/\/vocesdebaires.com.ar\/index.php\/wp-json\/wp\/v2\/posts\/15457"}],"collection":[{"href":"https:\/\/vocesdebaires.com.ar\/index.php\/wp-json\/wp\/v2\/posts"}],"about":[{"href":"https:\/\/vocesdebaires.com.ar\/index.php\/wp-json\/wp\/v2\/types\/post"}],"author":[{"embeddable":true,"href":"https:\/\/vocesdebaires.com.ar\/index.php\/wp-json\/wp\/v2\/users\/2"}],"replies":[{"embeddable":true,"href":"https:\/\/vocesdebaires.com.ar\/index.php\/wp-json\/wp\/v2\/comments?post=15457"}],"version-history":[{"count":0,"href":"https:\/\/vocesdebaires.com.ar\/index.php\/wp-json\/wp\/v2\/posts\/15457\/revisions"}],"wp:featuredmedia":[{"embeddable":true,"href":"https:\/\/vocesdebaires.com.ar\/index.php\/wp-json\/wp\/v2\/media\/15458"}],"wp:attachment":[{"href":"https:\/\/vocesdebaires.com.ar\/index.php\/wp-json\/wp\/v2\/media?parent=15457"}],"wp:term":[{"taxonomy":"category","embeddable":true,"href":"https:\/\/vocesdebaires.com.ar\/index.php\/wp-json\/wp\/v2\/categories?post=15457"},{"taxonomy":"post_tag","embeddable":true,"href":"https:\/\/vocesdebaires.com.ar\/index.php\/wp-json\/wp\/v2\/tags?post=15457"}],"curies":[{"name":"wp","href":"https:\/\/api.w.org\/{rel}","templated":true}]}}