{"id":15459,"date":"2012-09-03T18:02:49","date_gmt":"2012-09-03T21:02:49","guid":{"rendered":"http:\/\/vocesdebaires.com.ar\/wordpress\/index.php\/2012\/09\/03\/la-seleccion-argentina-juntara-a-de-la-sota-macri-y-scioli\/"},"modified":"2012-09-03T18:02:49","modified_gmt":"2012-09-03T21:02:49","slug":"la-seleccion-argentina-juntara-a-de-la-sota-macri-y-scioli","status":"publish","type":"post","link":"https:\/\/vocesdebaires.com.ar\/index.php\/2012\/09\/03\/la-seleccion-argentina-juntara-a-de-la-sota-macri-y-scioli\/","title":{"rendered":"La selecci\u00f3n argentina juntar\u00e1 a De la Sota, Macri y Scioli"},"content":{"rendered":"<p>Aunque no se trata de un acto pol\u00edtico, todo vale a la hora de las especulaciones y los armados. Y la foto que dejar\u00e1 el choque entre la Argentina y Paraguay en el estadio Mario Alberto Kempes abrir\u00e1 un sinf\u00edn de comentarios.El gobernador Jos\u00e9 Manuel de la Sota invit\u00f3 especialmente para el viernes a sus pares Mauricio Macri y Daniel Scioli. Y ambos confirmaron su presencia en el palco del estadio mundialista.<br \/>\nCon Scioli, De la Sota siempre mantuvo una gran relaci\u00f3n, y ambos se han definido como \u00abamigos\u00bb. Enfrentado ahora con el gobierno nacional, el cordob\u00e9s espera el desarrollo de las vicisitudes del bonaerense con la Naci\u00f3n, sabiendo que puede llegar a ser un gran aliado pensando en el 2015.Con Macri, en cambio, ya mantuvo un par de encuentros en las \u00faltimas semanas, y aunque una alianza entre ambos es por ahora impensada, el mensaje opositor es claro.<br \/>\nDe hecho, el mi\u00e9rcoles pasado De la Sota particip\u00f3 en Capital Federal de una cena que reuni\u00f3 a varios dirigentes que tambi\u00e9n est\u00e1n enfrentados con el kirchnerismo. Y no deja de enviar mensajes a La Rosada de que su posici\u00f3n no tiene retorno.Pese a que desde la Gobernaci\u00f3n cordobesa aclararon que las invitaciones para compartir el palco del Mario Alberto Kempes no tienen ning\u00fan tinte pol\u00edtico, es dif\u00edcil disimular el tinte \u00abanti-K\u00bb que tendr\u00e1. Por caso, otro de los invitados ser\u00e1 el titular del bloque Frente Peronista, el mendocino Enrique Thomas.<br \/>\n\u00a0<\/p>\n","protected":false},"excerpt":{"rendered":"<p>Aunque no se trata de un acto pol\u00edtico, todo vale a la hora de las especulaciones y los armados. Y la foto que dejar\u00e1 el choque entre la Argentina y Paraguay en el estadio Mario Alberto Kempes abrir\u00e1 un sinf\u00edn de comentarios.El gobernador Jos\u00e9 Manuel de la Sota invit\u00f3 especialmente para el viernes a sus [&hellip;]<\/p>\n","protected":false},"author":2,"featured_media":15460,"comment_status":"open","ping_status":"open","sticky":false,"template":"","format":"standard","meta":{"_et_pb_use_builder":"","_et_pb_old_content":"","_et_gb_content_width":"","footnotes":""},"categories":[12,34],"tags":[],"class_list":["post-15459","post","type-post","status-publish","format-standard","has-post-thumbnail","hentry","category-nacion","category-politica"],"_links":{"self":[{"href":"https:\/\/vocesdebaires.com.ar\/index.php\/wp-json\/wp\/v2\/posts\/15459"}],"collection":[{"href":"https:\/\/vocesdebaires.com.ar\/index.php\/wp-json\/wp\/v2\/posts"}],"about":[{"href":"https:\/\/vocesdebaires.com.ar\/index.php\/wp-json\/wp\/v2\/types\/post"}],"author":[{"embeddable":true,"href":"https:\/\/vocesdebaires.com.ar\/index.php\/wp-json\/wp\/v2\/users\/2"}],"replies":[{"embeddable":true,"href":"https:\/\/vocesdebaires.com.ar\/index.php\/wp-json\/wp\/v2\/comments?post=15459"}],"version-history":[{"count":0,"href":"https:\/\/vocesdebaires.com.ar\/index.php\/wp-json\/wp\/v2\/posts\/15459\/revisions"}],"wp:featuredmedia":[{"embeddable":true,"href":"https:\/\/vocesdebaires.com.ar\/index.php\/wp-json\/wp\/v2\/media\/15460"}],"wp:attachment":[{"href":"https:\/\/vocesdebaires.com.ar\/index.php\/wp-json\/wp\/v2\/media?parent=15459"}],"wp:term":[{"taxonomy":"category","embeddable":true,"href":"https:\/\/vocesdebaires.com.ar\/index.php\/wp-json\/wp\/v2\/categories?post=15459"},{"taxonomy":"post_tag","embeddable":true,"href":"https:\/\/vocesdebaires.com.ar\/index.php\/wp-json\/wp\/v2\/tags?post=15459"}],"curies":[{"name":"wp","href":"https:\/\/api.w.org\/{rel}","templated":true}]}}