{"id":15486,"date":"2012-09-11T11:10:35","date_gmt":"2012-09-11T14:10:35","guid":{"rendered":"http:\/\/vocesdebaires.com.ar\/wordpress\/index.php\/2012\/09\/11\/es-evidentela-irresponsabilidad-de-gabriel-mariotto\/"},"modified":"2012-09-11T11:10:35","modified_gmt":"2012-09-11T14:10:35","slug":"es-evidentela-irresponsabilidad-de-gabriel-mariotto","status":"publish","type":"post","link":"https:\/\/vocesdebaires.com.ar\/index.php\/2012\/09\/11\/es-evidentela-irresponsabilidad-de-gabriel-mariotto\/","title":{"rendered":"Es evidente,la irresponsabilidad de Gabriel Mariotto"},"content":{"rendered":"<p>Cariglino analiz\u00f3 el accionar del vicegobernador de la provincia de Buenos Aires dentro de la actual coyuntura pol\u00edtica: \u201cNo puedo separar lo sucedido de las recientes y tristes declaraciones de la Presidenta de la Naci\u00f3n, Cristina Fern\u00e1ndez, acerca de que debemos tenerle \u201cun poco de miedo\u201d. Solo atando estos \u00faltimos hechos con la persecuci\u00f3n que otros gobernantes -que como yo tampoco aceptaron someterse incondicionalmente al oficialismo nacional- han sufrido por doble v\u00eda: agresiones personales y la discriminaci\u00f3n de sus comunidades a partir de la manipulaci\u00f3n discrecional de los fondos que genuinamente le corresponden; puedo asegurar que no se trata de un hecho aislado\u201d.<br \/>\nEl intendente agreg\u00f3 que \u201cestamos ante una ofensiva de la peor calificaci\u00f3n. Nos toca presenciar maniobras hijas de una estrategia que no duda en echar mano a m\u00e9todos que nada tienen que ver con la convivencia democr\u00e1tica que los argentinos de bien esperamos\u201d.Asimismo, Cariglino consider\u00f3 que \u201chay m\u00e1s responsables coordinados en estas acciones, amplificadas por medios que ya no podemos llamar de comunicaci\u00f3n. Son meros panfletos propagand\u00edsticos dispuestos a todo tipo de servicios. En este caso, difundir calumnias, sembrar dudas e instalar el temor como elemento disciplinador. En esta tarea \u2013subray\u00f3- se suman algunos mal llamados dirigentes, que hasta ahora s\u00f3lo han sido generadores de mentiras y falsas imputaciones, con el solo prop\u00f3sito de menoscabar la imagen p\u00fablica de aquellos que no integran sus filas\u201d.<br \/>\n\u201cQu\u00e9 lejos est\u00e1 esto de lo que la sociedad espera de nosotros, los que resultamos elegidos en los distintos niveles para conducirla\u201d, se lament\u00f3.\u201cSobran los ejemplos \u2013asegur\u00f3: la enorme mayor\u00eda de nuestra poblaci\u00f3n ve azorada c\u00f3mo se interrumpen las condenas establecidas por la Justicia para engrosar las filas de Vatay\u00f2n Militante; c\u00f3mo se mueve con soltura el ej\u00e9rcito comandado por Milagro Sala; la dilapidaci\u00f3n de recursos perpetrada por La C\u00e1mpora. Son todas muestras de una concepci\u00f3n ciega de la militancia que no podemos compartir\u201d.<br \/>\nAnte la pregunta acerca de cu\u00e1les ser\u00e1n sus pr\u00f3ximos pasos, Cariglino afirm\u00f3: \u201cEn mi administraci\u00f3n somos capaces de leer bien la actualidad y el juego al que nos llaman. Pero queremos dejar bien claro que decidimos, desde hace a\u00f1os, ir por otro camino: el del trabajo diario, el de la construcci\u00f3n de consensos, el del di\u00e1logo que permite construir pol\u00edticas con continuidad en el tiempo, el \u00fanico camino que conocemos, que el mundo conoce, hacia el desarrollo\u201d.<br \/>\nDirigi\u00e9ndose a la Presidenta de la Naci\u00f3n y al vicegobernador Cariglino afirm\u00f3 enf\u00e1tico, \u201clo que tenemos enfrente, se\u00f1or Gabriel Mariotto, se\u00f1ora presidenta Fern\u00e1ndez de Kirchner, no es ni m\u00e1s ni menos que una elecci\u00f3n legislativa. Una m\u00e1s, en nuestro derrotero institucional. Un camino que debe ser honrado, cumplido no \u00fanicamente en lo formal sino, y sobre todo, en el esp\u00edritu que lo anima. Se trata de medir la voluntad popular y ver, luego, qui\u00e9n conduce y qui\u00e9n acompa\u00f1a, nada m\u00e1s que eso.\u201d<br \/>\nEl intendente insisti\u00f3 en que \u201cdebemos estar atentos, advertidos, para poder atravesar los obst\u00e1culos que sin duda aparecer\u00e1n. Pero no vamos a perder, nunca, la perspectiva de las cosas y la responsabilidad que implica el lugar que ocupamos\u201d.<br \/>\n\u00a0<br \/>\n\u201cYo no le temo a la presidenta personalmente \u2013sostuvo el jefe comunal-, tengo miedo de que se instalen como m\u00e9todo las \u00faltimas pr\u00e1cticas. Tengo miedo por el enorme da\u00f1o que le producen al pa\u00eds\u201d, concluy\u00f3.<br \/>\n\u00a0<\/p>\n","protected":false},"excerpt":{"rendered":"<p>Cariglino analiz\u00f3 el accionar del vicegobernador de la provincia de Buenos Aires dentro de la actual coyuntura pol\u00edtica: \u201cNo puedo separar lo sucedido de las recientes y tristes declaraciones de la Presidenta de la Naci\u00f3n, Cristina Fern\u00e1ndez, acerca de que debemos tenerle \u201cun poco de miedo\u201d. Solo atando estos \u00faltimos hechos con la persecuci\u00f3n que [&hellip;]<\/p>\n","protected":false},"author":2,"featured_media":15487,"comment_status":"open","ping_status":"open","sticky":false,"template":"","format":"standard","meta":{"_et_pb_use_builder":"","_et_pb_old_content":"","_et_gb_content_width":"","footnotes":""},"categories":[12,34],"tags":[],"class_list":["post-15486","post","type-post","status-publish","format-standard","has-post-thumbnail","hentry","category-nacion","category-politica"],"_links":{"self":[{"href":"https:\/\/vocesdebaires.com.ar\/index.php\/wp-json\/wp\/v2\/posts\/15486"}],"collection":[{"href":"https:\/\/vocesdebaires.com.ar\/index.php\/wp-json\/wp\/v2\/posts"}],"about":[{"href":"https:\/\/vocesdebaires.com.ar\/index.php\/wp-json\/wp\/v2\/types\/post"}],"author":[{"embeddable":true,"href":"https:\/\/vocesdebaires.com.ar\/index.php\/wp-json\/wp\/v2\/users\/2"}],"replies":[{"embeddable":true,"href":"https:\/\/vocesdebaires.com.ar\/index.php\/wp-json\/wp\/v2\/comments?post=15486"}],"version-history":[{"count":0,"href":"https:\/\/vocesdebaires.com.ar\/index.php\/wp-json\/wp\/v2\/posts\/15486\/revisions"}],"wp:featuredmedia":[{"embeddable":true,"href":"https:\/\/vocesdebaires.com.ar\/index.php\/wp-json\/wp\/v2\/media\/15487"}],"wp:attachment":[{"href":"https:\/\/vocesdebaires.com.ar\/index.php\/wp-json\/wp\/v2\/media?parent=15486"}],"wp:term":[{"taxonomy":"category","embeddable":true,"href":"https:\/\/vocesdebaires.com.ar\/index.php\/wp-json\/wp\/v2\/categories?post=15486"},{"taxonomy":"post_tag","embeddable":true,"href":"https:\/\/vocesdebaires.com.ar\/index.php\/wp-json\/wp\/v2\/tags?post=15486"}],"curies":[{"name":"wp","href":"https:\/\/api.w.org\/{rel}","templated":true}]}}