{"id":1556,"date":"2020-07-13T03:00:00","date_gmt":"2020-07-13T06:00:00","guid":{"rendered":"http:\/\/vocesdebaires.com.ar\/wordpress\/index.php\/2020\/07\/13\/plataforma-para-ferias-y-exposiciones-virtuales-3d\/"},"modified":"2020-07-13T03:00:00","modified_gmt":"2020-07-13T06:00:00","slug":"plataforma-para-ferias-y-exposiciones-virtuales-3d","status":"publish","type":"post","link":"https:\/\/vocesdebaires.com.ar\/index.php\/2020\/07\/13\/plataforma-para-ferias-y-exposiciones-virtuales-3d\/","title":{"rendered":"Plataforma para ferias y exposiciones virtuales 3D"},"content":{"rendered":"<p>Ante el nuevo escenario signado por la pandemia del coronavirus, que suspendi\u00f3 todo tipo de reuniones con p\u00fablico, ARTEK -empresa que cumple 30 a\u00f1os de trayectoria en el dise\u00f1o y construcci\u00f3n de proyectos comerciales a nivel nacional e internacional- lanz\u00f3 al mercado: \u201cEVI, Espacios Virtuales Interactivos\u201d, una nueva soluci\u00f3n destinada a dar continuidad a los eventos y ferias en un espacio digital. Se trata de una herramienta de gesti\u00f3n, que por medio del modelado 3D y el renderizado de espacios virtuales, permite crear una experiencia interactiva e inmersiva donde recrear telem\u00e1ticamente ambientes en forma similar al espacio f\u00edsico.<\/p>\n<p>De esta manera, se logra una mayor interacci\u00f3n entre las personas, m\u00e1s all\u00e1 de las videoconferencias, a trav\u00e9s de un espacio lo m\u00e1s parecido a una feria o congreso presencial que permite generar conexiones y oportunidades de negocio para expositores y asistentes. Adem\u00e1s, lanz\u00f3 la l\u00ednea: \u201cArtek #desdecasa\u201d, elementos de protecci\u00f3n para oficinas y locales. Esta nueva l\u00ednea incluye mamparas protectoras, porta banners informativos, porta dispenser de alcohol en gel, divisores de acr\u00edlico destinados a puestos de oficinas, gimnasios y restaurantes, barbijos, m\u00e1scaras y gr\u00e1fica se\u00f1al\u00e9tica. Asimismo, para el acceso a establecimientos p\u00fablicos y privados, la l\u00ednea ofrece cabinas de sanitizaci\u00f3n por ozono y esterilizadores de calzado con luz UV.<\/p>\n","protected":false},"excerpt":{"rendered":"<p>Ante el nuevo escenario signado por la pandemia del coronavirus, que suspendi\u00f3 todo tipo de reuniones con p\u00fablico, ARTEK -empresa que cumple 30 a\u00f1os de trayectoria en el dise\u00f1o y construcci\u00f3n de proyectos comerciales a nivel nacional e internacional- lanz\u00f3 al mercado: \u201cEVI, Espacios Virtuales Interactivos\u201d, una nueva soluci\u00f3n destinada a dar continuidad a los [&hellip;]<\/p>\n","protected":false},"author":1,"featured_media":1557,"comment_status":"open","ping_status":"open","sticky":false,"template":"","format":"standard","meta":{"_et_pb_use_builder":"","_et_pb_old_content":"","_et_gb_content_width":"","footnotes":""},"categories":[11,33],"tags":[],"class_list":["post-1556","post","type-post","status-publish","format-standard","has-post-thumbnail","hentry","category-ciudad","category-sociedad-y-cultura-2"],"_links":{"self":[{"href":"https:\/\/vocesdebaires.com.ar\/index.php\/wp-json\/wp\/v2\/posts\/1556"}],"collection":[{"href":"https:\/\/vocesdebaires.com.ar\/index.php\/wp-json\/wp\/v2\/posts"}],"about":[{"href":"https:\/\/vocesdebaires.com.ar\/index.php\/wp-json\/wp\/v2\/types\/post"}],"author":[{"embeddable":true,"href":"https:\/\/vocesdebaires.com.ar\/index.php\/wp-json\/wp\/v2\/users\/1"}],"replies":[{"embeddable":true,"href":"https:\/\/vocesdebaires.com.ar\/index.php\/wp-json\/wp\/v2\/comments?post=1556"}],"version-history":[{"count":0,"href":"https:\/\/vocesdebaires.com.ar\/index.php\/wp-json\/wp\/v2\/posts\/1556\/revisions"}],"wp:featuredmedia":[{"embeddable":true,"href":"https:\/\/vocesdebaires.com.ar\/index.php\/wp-json\/wp\/v2\/media\/1557"}],"wp:attachment":[{"href":"https:\/\/vocesdebaires.com.ar\/index.php\/wp-json\/wp\/v2\/media?parent=1556"}],"wp:term":[{"taxonomy":"category","embeddable":true,"href":"https:\/\/vocesdebaires.com.ar\/index.php\/wp-json\/wp\/v2\/categories?post=1556"},{"taxonomy":"post_tag","embeddable":true,"href":"https:\/\/vocesdebaires.com.ar\/index.php\/wp-json\/wp\/v2\/tags?post=1556"}],"curies":[{"name":"wp","href":"https:\/\/api.w.org\/{rel}","templated":true}]}}