{"id":15572,"date":"2012-09-28T14:15:59","date_gmt":"2012-09-28T17:15:59","guid":{"rendered":"http:\/\/vocesdebaires.com.ar\/wordpress\/index.php\/2012\/09\/28\/la-legislatura-denunciara-a-lubertino-ante-el-inadi\/"},"modified":"2012-09-28T14:15:59","modified_gmt":"2012-09-28T17:15:59","slug":"la-legislatura-denunciara-a-lubertino-ante-el-inadi","status":"publish","type":"post","link":"https:\/\/vocesdebaires.com.ar\/index.php\/2012\/09\/28\/la-legislatura-denunciara-a-lubertino-ante-el-inadi\/","title":{"rendered":"La legislatura denunciar\u00e1 a Lubertino ante el INADI"},"content":{"rendered":"<p>Por 55 votos a favor y 3 abstenciones, la Legislatura de la Ciudad de Buenos Aires, aprob\u00f3 una resoluci\u00f3n por el cual se Instruye al Vicepresidente 1\u00ba del Cuerpo, Cristian Ritondo, a denunciar ante el Instituto Nacional contra la Discriminaci\u00f3n, la Xenofobia y el Racismo (INADI) a la diputada del Frente para la Victoria, Mar\u00eda Jos\u00e9 Lubertino, por discriminaci\u00f3n contra los diputados del PRO, Victoria Morales Gorlei y Sergio Bergman, denunciado en el recinto por el diputado de Uni\u00f3n Federal, Daniel Amoroso.<br \/>\nDurante el debate de la ley que establece la regulaci\u00f3n para el acceso al aborto no punible en el \u00e1mbito de la Ciudad Aut\u00f3noma de Buenos Aires, alrededor de la 1 de la ma\u00f1ana, el Diputado Daniel Amoroso (BpU) intervino en el \u00a0y le pregunt\u00f3 a la Diputada Lubertino (FpV) si hab\u00eda escrito un mensaje en su cuenta de Twitter (@Lubertino), o si \u00e9sta hab\u00eda sido hackeada e inmediatamente ley\u00f3 textualmente el mensaje: \u00abQue Morales Gorleri y Bergman saquen sus rosarios y kip\u00e1s de nuestros ovarios\u00bb.<br \/>\nSe produjo una discusi\u00f3n y luego de intervenir la Diputada S\u00e1nchez And\u00eda (Coalici\u00f3n C\u00edvica), al haber sido aludida Lubertino ofreci\u00f3 sus disculpas por \u00a0sus dichos afirmando que \u00abla intenci\u00f3n no era ofender a nadie\u00bb. A continuaci\u00f3n el Presidente del Bloque PRO, Diputado Fernando de Andreis solicit\u00f3 un Cuarto Intermedio para analizar una Cuesti\u00f3n de Privilegio contra la legisladora kirchnerista, la que fue aprobada por 55 votos positivos y 3 abstenciones.\u00bbHemos vivido un hecho bochornoso\u00bb, dijo con verguenza el titular del Bloque del Frente para la Victoria, Ju\u00e1n Cabandi\u00e9 quien agreg\u00f3 \u00bb no tenemos m\u00e1s que pedir disculpas y ojal\u00e1 que las personas que fueron afectadas ( por Morales Gorleri y Bergman), puedan subsanar r\u00e1pidamente este hecho\u00bb.<br \/>\nEnseguida el Vicepresidente 1\u00ba de la Legislatura, Cristian Ritondo, agradeci\u00f3 al bloque del Frente para la Victoria \u00abpor el valor c\u00edvico demostrado para acusar a unos de sus intregrantes\u00bb. Esta actitud para Ritondo \u00absignifica que defienden el derecho ante que a las personas\u00bb.Para Ritondo \u00abLubertino es un agravio permanente al cuerpo y no forma parte de su torpeza\u00bb.\u00bbLubertino puso lo que pensaba y la sensaci\u00f3n que qued\u00f3 en este cuerpo legislativo es que justific\u00f3 sus disculpas a medias. \u00a0Aca no se discut\u00eda si somos de izquierda o de derecha, jud\u00edos o fachos, hoy se discut\u00eda las creencias de todos a favor de la vida. Estoy seguro que si la presidente Cristina fern\u00e1ndez leyera su twitt, le dar\u00eda repulsi\u00f3n de tener una diputada de estas caracter\u00edsticas\u00bb, dijo Ritondo, quien le solicit\u00f3 inmediatamente que renuncie a la comisi\u00f3n de Igualdad y Trato, que Lubertino preside, \u00abporque no tiene estatura moral para hacerlo\u00bb.<br \/>\nPor su parte el diputado del PRO, Roberto Quatromanno, repudi\u00f3 el Twitter escrito por Lubertino se solariz\u00f3 con sus compa\u00f1eros de banca, Victoria Morales Gorleri y Sergio Bergman al tiempo que le pidi\u00f3 disculpas \u00aba todos los ciudadanos que presentaron denuncias durante el tiempo que Lubertino presidi\u00f3 el INADI\u00bb.A su turno el titular del bloque de la Coalici\u00f3n C\u00edvica, Fernando S\u00e1nchez, se\u00f1al\u00f3 \u00bb me sent\u00ed avergonzado por tan pocas palabras que hirieron los sentimientos de muchos. La diputada Lubertino se pas\u00f3 del privilegio que le otorga la Constituci\u00f3n de la Ciudad de Buenos Aires\u00bb.Desde el bloque de Proyecto Sur, el encargado de pedir disculpas a los afectados fue el legislador Fabio Basteiro. \u00abCondeno en terminos personales y morales esta actitud que no es digna del actuar de un diputado de este cuerpo\u00bb.El diputado del PRO, Mart\u00edn Ocampo, fue el encargado de solicitar la actuaci\u00f3n de la Junta de \u00c9tica \u00bb para que se investigue las responsabilidades pol\u00edticas en el hecho\u00bb.Agreg\u00f3 \u00ablos agravios de Lubertino fueron tan fuertes que hacen que hoy todos seamos Morales Gorleri y Bergman\u00bb.Fueron los diputados agraviados Victoria Morales Gorleri y Sergio Bergman, los que cerraron el debate.<br \/>\n\u00abSer cat\u00f3lica no es algo que pueda separar de mi vida cotidiana. Estoy orgullosa de serlo y no me averguenzo\u00bb dijo la legisladora, quien agreg\u00f3 \u00abmiles de los que comparten mi fe, han sido agraviados por los dichos infortunados de la diputada Lubertino. No hay ningun ovispo o cura que me diga como tengo que votar, yo voto con mi convicci\u00f3n m\u00e1s profunda en defensa de la vida desde la misma concepci\u00f3n. Cuando se agravia por cuestiones religiosas estamos undiendo el pa\u00eds. Basta de hablar de la diversidad, pongamosla en pr\u00e1ctica\u00bb.\u00a0Finalmente el diputado Sergio Bergman, se\u00f1al\u00f3 que \u00abCuando se pasan los l\u00edmites, este tipo de agravios tienen que dirimirse en el marco de la Ley. Lubertino tiene que responder ante la ley porque es un delito\u00bb.<br \/>\nBergman se solicit\u00f3 a los integrantes del bloque del Frente para la Victoria que \u00abse hagan cargo de Lubertino, porque para mi es inimputable\u00bb. El rabino pidi\u00f3 tolerancia en la diversidad de las creencias religiosas, los agnosticos, los ateos militantes (que segpu Bergman, tambi\u00e9n son obra de Dios), los judios, los cat\u00f3licos, todos unidos bajo un mismo Dios.\u00bb \u00a0Finalmente la norma que establece la regulaci\u00f3n para el acceso al aborto no punible en el \u00e1mbito de la Ciudad Aut\u00f3noma de Buenos Aires, \u00a0obtuvo 30 votos positivos de los bloques Frente para la Victoria, Buenos Aires para Todos, Proyecto Sur, MST en PSur, Nuevo Encuentro, UCR, Frente Popular y Progresista y Coalici\u00f3n C\u00edvica y 29 votos negativos aportados por los bloques PRO, Uni\u00f3n Federal y Bases para la Uni\u00f3n.<br \/>\n<a href=\"http:\/\/www.radiojai.com.ar\/OnLine\/vivo\/PlayAudio.asp?file=http:\/\/174.142.163.187\/$sitepreview\/media.dnrhp.net\/a\/MOVIL JOSI MANSIL - 28-9-12.wma\" target=\"_blank\" rel=\"noopener noreferrer\">Audio Radio Jai<\/a><br \/>\n\u00a0<\/p>\n","protected":false},"excerpt":{"rendered":"<p>Por 55 votos a favor y 3 abstenciones, la Legislatura de la Ciudad de Buenos Aires, aprob\u00f3 una resoluci\u00f3n por el cual se Instruye al Vicepresidente 1\u00ba del Cuerpo, Cristian Ritondo, a denunciar ante el Instituto Nacional contra la Discriminaci\u00f3n, la Xenofobia y el Racismo (INADI) a la diputada del Frente para la Victoria, Mar\u00eda [&hellip;]<\/p>\n","protected":false},"author":2,"featured_media":15573,"comment_status":"open","ping_status":"open","sticky":false,"template":"","format":"standard","meta":{"_et_pb_use_builder":"","_et_pb_old_content":"","_et_gb_content_width":"","footnotes":""},"categories":[11,44],"tags":[],"class_list":["post-15572","post","type-post","status-publish","format-standard","has-post-thumbnail","hentry","category-ciudad","category-funcionarios-de-la-caba"],"_links":{"self":[{"href":"https:\/\/vocesdebaires.com.ar\/index.php\/wp-json\/wp\/v2\/posts\/15572"}],"collection":[{"href":"https:\/\/vocesdebaires.com.ar\/index.php\/wp-json\/wp\/v2\/posts"}],"about":[{"href":"https:\/\/vocesdebaires.com.ar\/index.php\/wp-json\/wp\/v2\/types\/post"}],"author":[{"embeddable":true,"href":"https:\/\/vocesdebaires.com.ar\/index.php\/wp-json\/wp\/v2\/users\/2"}],"replies":[{"embeddable":true,"href":"https:\/\/vocesdebaires.com.ar\/index.php\/wp-json\/wp\/v2\/comments?post=15572"}],"version-history":[{"count":0,"href":"https:\/\/vocesdebaires.com.ar\/index.php\/wp-json\/wp\/v2\/posts\/15572\/revisions"}],"wp:featuredmedia":[{"embeddable":true,"href":"https:\/\/vocesdebaires.com.ar\/index.php\/wp-json\/wp\/v2\/media\/15573"}],"wp:attachment":[{"href":"https:\/\/vocesdebaires.com.ar\/index.php\/wp-json\/wp\/v2\/media?parent=15572"}],"wp:term":[{"taxonomy":"category","embeddable":true,"href":"https:\/\/vocesdebaires.com.ar\/index.php\/wp-json\/wp\/v2\/categories?post=15572"},{"taxonomy":"post_tag","embeddable":true,"href":"https:\/\/vocesdebaires.com.ar\/index.php\/wp-json\/wp\/v2\/tags?post=15572"}],"curies":[{"name":"wp","href":"https:\/\/api.w.org\/{rel}","templated":true}]}}