{"id":15590,"date":"2012-10-02T15:51:06","date_gmt":"2012-10-02T18:51:06","guid":{"rendered":"http:\/\/vocesdebaires.com.ar\/wordpress\/index.php\/2012\/10\/02\/la-embajada-de-francia-se-ilumino-de-rosa\/"},"modified":"2012-10-02T15:51:06","modified_gmt":"2012-10-02T18:51:06","slug":"la-embajada-de-francia-se-ilumino-de-rosa","status":"publish","type":"post","link":"https:\/\/vocesdebaires.com.ar\/index.php\/2012\/10\/02\/la-embajada-de-francia-se-ilumino-de-rosa\/","title":{"rendered":"La embajada de Francia se ilumin\u00f3 de rosa"},"content":{"rendered":"<p>\u00a0<br \/>\nPor tercer a\u00f1o consecutivo y con el objetivo de concientizar a todos y sumar su compromiso en la lucha contra el c\u00e1ncer de mama, la Embajada de Francia en Buenos Aires se ilumin\u00f3 ayer de color rosa. As\u00ed, el Palacio Ort\u00edz Basualdo, ubicado en Cerrito 1399, deslumbr\u00f3 por sus efectos de luces en la fachada y sorprendi\u00f3 a los vecinos.\u00a0Esta iniciativa se inscribe en el marco de \u201cOctubre rosa\u201d, una campa\u00f1a llevada al nivel internacional durante el mes de octubre, con el fin de sensibilizar a las mujeres con los m\u00e9todos de prevenci\u00f3n del c\u00e1ncer de mama.<br \/>\n\u00a0<br \/>\n\u00a0<\/p>\n","protected":false},"excerpt":{"rendered":"<p>\u00a0 Por tercer a\u00f1o consecutivo y con el objetivo de concientizar a todos y sumar su compromiso en la lucha contra el c\u00e1ncer de mama, la Embajada de Francia en Buenos Aires se ilumin\u00f3 ayer de color rosa. As\u00ed, el Palacio Ort\u00edz Basualdo, ubicado en Cerrito 1399, deslumbr\u00f3 por sus efectos de luces en la [&hellip;]<\/p>\n","protected":false},"author":2,"featured_media":15591,"comment_status":"open","ping_status":"open","sticky":false,"template":"","format":"standard","meta":{"_et_pb_use_builder":"","_et_pb_old_content":"","_et_gb_content_width":"","footnotes":""},"categories":[11,33],"tags":[],"class_list":["post-15590","post","type-post","status-publish","format-standard","has-post-thumbnail","hentry","category-ciudad","category-sociedad-y-cultura-2"],"_links":{"self":[{"href":"https:\/\/vocesdebaires.com.ar\/index.php\/wp-json\/wp\/v2\/posts\/15590"}],"collection":[{"href":"https:\/\/vocesdebaires.com.ar\/index.php\/wp-json\/wp\/v2\/posts"}],"about":[{"href":"https:\/\/vocesdebaires.com.ar\/index.php\/wp-json\/wp\/v2\/types\/post"}],"author":[{"embeddable":true,"href":"https:\/\/vocesdebaires.com.ar\/index.php\/wp-json\/wp\/v2\/users\/2"}],"replies":[{"embeddable":true,"href":"https:\/\/vocesdebaires.com.ar\/index.php\/wp-json\/wp\/v2\/comments?post=15590"}],"version-history":[{"count":0,"href":"https:\/\/vocesdebaires.com.ar\/index.php\/wp-json\/wp\/v2\/posts\/15590\/revisions"}],"wp:featuredmedia":[{"embeddable":true,"href":"https:\/\/vocesdebaires.com.ar\/index.php\/wp-json\/wp\/v2\/media\/15591"}],"wp:attachment":[{"href":"https:\/\/vocesdebaires.com.ar\/index.php\/wp-json\/wp\/v2\/media?parent=15590"}],"wp:term":[{"taxonomy":"category","embeddable":true,"href":"https:\/\/vocesdebaires.com.ar\/index.php\/wp-json\/wp\/v2\/categories?post=15590"},{"taxonomy":"post_tag","embeddable":true,"href":"https:\/\/vocesdebaires.com.ar\/index.php\/wp-json\/wp\/v2\/tags?post=15590"}],"curies":[{"name":"wp","href":"https:\/\/api.w.org\/{rel}","templated":true}]}}