{"id":15618,"date":"2012-10-03T13:23:11","date_gmt":"2012-10-03T16:23:11","guid":{"rendered":"http:\/\/vocesdebaires.com.ar\/wordpress\/index.php\/2012\/10\/03\/aysa-y-ceamce-por-el-saneamiento-del-riachuelo\/"},"modified":"2012-10-03T13:23:11","modified_gmt":"2012-10-03T16:23:11","slug":"aysa-y-ceamce-por-el-saneamiento-del-riachuelo","status":"publish","type":"post","link":"https:\/\/vocesdebaires.com.ar\/index.php\/2012\/10\/03\/aysa-y-ceamce-por-el-saneamiento-del-riachuelo\/","title":{"rendered":"AYSA y CEAMCE por el saneamiento del Riachuelo"},"content":{"rendered":"<p>La Corte Suprema de Justicia de la Naci\u00f3n convoc\u00f3 a las empresas Agua y Saneamientos Argentinos (AYSA) y Coordinaci\u00f3n Ecol\u00f3gica \u00c1rea Metropolitana Sociedad del Estado (CEAMSE) para que participen de la audiencia p\u00fablica en la que se evaluar\u00e1 el grado de avance del plan de saneamiento de la cuenca Matanza-Riachuelo (fallo \u201cMendoza y otros\u201d) ordenado por el Tribunal.Tanto el AYSA como el CEAMSE deber\u00e1n informar a la Corte sobre los actos ejecutados y las contrataciones realizadas por indicaci\u00f3n de la Autoridad de la Cuenca Matanza Riachuelo (ACUMAR).<br \/>\nLa referida audiencia se desarrollar\u00e1 el pr\u00f3ximo jueves 11 a partir de las 10. El Alto Tribunal dispuso que el Estado Nacional, la Provincia de Buenos Aires, la Ciudad Aut\u00f3noma de Buenos Aires y los municipios de Almirante Brown, Avellaneda, Esteban Echeverr\u00eda, La Matanza, Lan\u00fas y Lomas de Zamora, presenten una breve exposici\u00f3n sobre cada uno de los objetivos y resultados que integran el programa de ejecuci\u00f3n obligatoria impuesto por la sentencia condenatoria de la Corte.Seg\u00fan consigna el Centro de Informaci\u00f3n Judicial, tambi\u00e9n participar\u00e1n el Defensor del Pueblo de la Naci\u00f3n y el titular de la Auditor\u00eda General de la Naci\u00f3n, quienes deber\u00e1n informar sobre las dificultades que pudieran haber existido a la hora de realizar los controles encomendados en la sentencia y sus observaciones.<br \/>\n\u00a0<\/p>\n","protected":false},"excerpt":{"rendered":"<p>La Corte Suprema de Justicia de la Naci\u00f3n convoc\u00f3 a las empresas Agua y Saneamientos Argentinos (AYSA) y Coordinaci\u00f3n Ecol\u00f3gica \u00c1rea Metropolitana Sociedad del Estado (CEAMSE) para que participen de la audiencia p\u00fablica en la que se evaluar\u00e1 el grado de avance del plan de saneamiento de la cuenca Matanza-Riachuelo (fallo \u201cMendoza y otros\u201d) ordenado [&hellip;]<\/p>\n","protected":false},"author":2,"featured_media":15619,"comment_status":"open","ping_status":"open","sticky":false,"template":"","format":"standard","meta":{"_et_pb_use_builder":"","_et_pb_old_content":"","_et_gb_content_width":"","footnotes":""},"categories":[11,32],"tags":[],"class_list":["post-15618","post","type-post","status-publish","format-standard","has-post-thumbnail","hentry","category-ciudad","category-comunas"],"_links":{"self":[{"href":"https:\/\/vocesdebaires.com.ar\/index.php\/wp-json\/wp\/v2\/posts\/15618"}],"collection":[{"href":"https:\/\/vocesdebaires.com.ar\/index.php\/wp-json\/wp\/v2\/posts"}],"about":[{"href":"https:\/\/vocesdebaires.com.ar\/index.php\/wp-json\/wp\/v2\/types\/post"}],"author":[{"embeddable":true,"href":"https:\/\/vocesdebaires.com.ar\/index.php\/wp-json\/wp\/v2\/users\/2"}],"replies":[{"embeddable":true,"href":"https:\/\/vocesdebaires.com.ar\/index.php\/wp-json\/wp\/v2\/comments?post=15618"}],"version-history":[{"count":0,"href":"https:\/\/vocesdebaires.com.ar\/index.php\/wp-json\/wp\/v2\/posts\/15618\/revisions"}],"wp:featuredmedia":[{"embeddable":true,"href":"https:\/\/vocesdebaires.com.ar\/index.php\/wp-json\/wp\/v2\/media\/15619"}],"wp:attachment":[{"href":"https:\/\/vocesdebaires.com.ar\/index.php\/wp-json\/wp\/v2\/media?parent=15618"}],"wp:term":[{"taxonomy":"category","embeddable":true,"href":"https:\/\/vocesdebaires.com.ar\/index.php\/wp-json\/wp\/v2\/categories?post=15618"},{"taxonomy":"post_tag","embeddable":true,"href":"https:\/\/vocesdebaires.com.ar\/index.php\/wp-json\/wp\/v2\/tags?post=15618"}],"curies":[{"name":"wp","href":"https:\/\/api.w.org\/{rel}","templated":true}]}}