{"id":15620,"date":"2013-04-04T16:30:48","date_gmt":"2013-04-04T19:30:48","guid":{"rendered":"http:\/\/vocesdebaires.com.ar\/wordpress\/index.php\/2013\/04\/04\/macri-llamo-a-un-acuerdo-para-las-obras-hidricas\/"},"modified":"2013-04-04T16:30:48","modified_gmt":"2013-04-04T19:30:48","slug":"macri-llamo-a-un-acuerdo-para-las-obras-hidricas","status":"publish","type":"post","link":"https:\/\/vocesdebaires.com.ar\/index.php\/2013\/04\/04\/macri-llamo-a-un-acuerdo-para-las-obras-hidricas\/","title":{"rendered":"Macri llam\u00f3 a un acuerdo para las obras h\u00eddricas"},"content":{"rendered":"<p>Macri llam\u00f3 a un acuerdo para poner en marcha las obras h\u00eddricas en el \u00c1rea Metropolitana. Renov\u00f3 el llamado al consenso entre la Naci\u00f3n, la Ciudad y la Provincia de Buenos Aires \u201cpara poner en marcha las obras\u201d que puedan evitar este tipo de situaciones l\u00edmite.Ampliaremos.<br \/>\n\u00a0<\/p>\n","protected":false},"excerpt":{"rendered":"<p>Macri llam\u00f3 a un acuerdo para poner en marcha las obras h\u00eddricas en el \u00c1rea Metropolitana. Renov\u00f3 el llamado al consenso entre la Naci\u00f3n, la Ciudad y la Provincia de Buenos Aires \u201cpara poner en marcha las obras\u201d que puedan evitar este tipo de situaciones l\u00edmite.Ampliaremos. \u00a0<\/p>\n","protected":false},"author":2,"featured_media":15621,"comment_status":"open","ping_status":"open","sticky":false,"template":"","format":"standard","meta":{"_et_pb_use_builder":"","_et_pb_old_content":"","_et_gb_content_width":"","footnotes":""},"categories":[11,32],"tags":[],"class_list":["post-15620","post","type-post","status-publish","format-standard","has-post-thumbnail","hentry","category-ciudad","category-comunas"],"_links":{"self":[{"href":"https:\/\/vocesdebaires.com.ar\/index.php\/wp-json\/wp\/v2\/posts\/15620"}],"collection":[{"href":"https:\/\/vocesdebaires.com.ar\/index.php\/wp-json\/wp\/v2\/posts"}],"about":[{"href":"https:\/\/vocesdebaires.com.ar\/index.php\/wp-json\/wp\/v2\/types\/post"}],"author":[{"embeddable":true,"href":"https:\/\/vocesdebaires.com.ar\/index.php\/wp-json\/wp\/v2\/users\/2"}],"replies":[{"embeddable":true,"href":"https:\/\/vocesdebaires.com.ar\/index.php\/wp-json\/wp\/v2\/comments?post=15620"}],"version-history":[{"count":0,"href":"https:\/\/vocesdebaires.com.ar\/index.php\/wp-json\/wp\/v2\/posts\/15620\/revisions"}],"wp:featuredmedia":[{"embeddable":true,"href":"https:\/\/vocesdebaires.com.ar\/index.php\/wp-json\/wp\/v2\/media\/15621"}],"wp:attachment":[{"href":"https:\/\/vocesdebaires.com.ar\/index.php\/wp-json\/wp\/v2\/media?parent=15620"}],"wp:term":[{"taxonomy":"category","embeddable":true,"href":"https:\/\/vocesdebaires.com.ar\/index.php\/wp-json\/wp\/v2\/categories?post=15620"},{"taxonomy":"post_tag","embeddable":true,"href":"https:\/\/vocesdebaires.com.ar\/index.php\/wp-json\/wp\/v2\/tags?post=15620"}],"curies":[{"name":"wp","href":"https:\/\/api.w.org\/{rel}","templated":true}]}}