{"id":15622,"date":"2013-04-04T16:40:59","date_gmt":"2013-04-04T19:40:59","guid":{"rendered":"http:\/\/vocesdebaires.com.ar\/wordpress\/index.php\/2013\/04\/04\/los-hogares-portenos-vuelven-a-tener-luz\/"},"modified":"2013-04-04T16:40:59","modified_gmt":"2013-04-04T19:40:59","slug":"los-hogares-portenos-vuelven-a-tener-luz","status":"publish","type":"post","link":"https:\/\/vocesdebaires.com.ar\/index.php\/2013\/04\/04\/los-hogares-portenos-vuelven-a-tener-luz\/","title":{"rendered":"Los hogares porte\u00f1os vuelven a tener luz"},"content":{"rendered":"<p>Tras los cacerolazos de protesta de anoche en distintos puntos, el ministro de Planificaci\u00f3n Federal, Julio De Vido, estim\u00f3 hoy que esta noche se normalizar\u00e1 el servicio de electricidad en el \u00e1rea metropolitana, afectado desde el martes a la ma\u00f1ana por un temporal de lluvia. &quot;Estimamos que en la noche estaremos en \u00edndices normales&quot;, indic\u00f3 el funcionario a la prensa y dijo adem\u00e1s que el n\u00famero de usuarios porte\u00f1os sin luz descendi\u00f3 a 31.394 usuarios, que equivale a cerca de 120.000 personas si se considera que en cada hogar hay un promedio de cuatro integrantes.<br \/>\n Hasta anoche la cantidad de hogares porte\u00f1os sin luz era anoche de 68 mil. Es decir, m\u00e1s de 270 mil personas afectadas. Entre los barrios m\u00e1s afectados, est\u00e1n Belgrano, Coghlan, Villa Urquiza, Villa Pueyrred\u00f3n, Villa Ort\u00fazar, N\u00fa\u00f1ez y Saavedra. Tambi\u00e9n hab\u00eda zonas afectadas en Villa Crespo, Versalles, Villa Luro, Floresta, Villa Devoto y Villa del Parque.<br \/>\n\u00a0<\/p>\n","protected":false},"excerpt":{"rendered":"<p>Tras los cacerolazos de protesta de anoche en distintos puntos, el ministro de Planificaci\u00f3n Federal, Julio De Vido, estim\u00f3 hoy que esta noche se normalizar\u00e1 el servicio de electricidad en el \u00e1rea metropolitana, afectado desde el martes a la ma\u00f1ana por un temporal de lluvia. &quot;Estimamos que en la noche estaremos en \u00edndices normales&quot;, indic\u00f3 [&hellip;]<\/p>\n","protected":false},"author":2,"featured_media":15623,"comment_status":"open","ping_status":"open","sticky":false,"template":"","format":"standard","meta":{"_et_pb_use_builder":"","_et_pb_old_content":"","_et_gb_content_width":"","footnotes":""},"categories":[11,32],"tags":[],"class_list":["post-15622","post","type-post","status-publish","format-standard","has-post-thumbnail","hentry","category-ciudad","category-comunas"],"_links":{"self":[{"href":"https:\/\/vocesdebaires.com.ar\/index.php\/wp-json\/wp\/v2\/posts\/15622"}],"collection":[{"href":"https:\/\/vocesdebaires.com.ar\/index.php\/wp-json\/wp\/v2\/posts"}],"about":[{"href":"https:\/\/vocesdebaires.com.ar\/index.php\/wp-json\/wp\/v2\/types\/post"}],"author":[{"embeddable":true,"href":"https:\/\/vocesdebaires.com.ar\/index.php\/wp-json\/wp\/v2\/users\/2"}],"replies":[{"embeddable":true,"href":"https:\/\/vocesdebaires.com.ar\/index.php\/wp-json\/wp\/v2\/comments?post=15622"}],"version-history":[{"count":0,"href":"https:\/\/vocesdebaires.com.ar\/index.php\/wp-json\/wp\/v2\/posts\/15622\/revisions"}],"wp:featuredmedia":[{"embeddable":true,"href":"https:\/\/vocesdebaires.com.ar\/index.php\/wp-json\/wp\/v2\/media\/15623"}],"wp:attachment":[{"href":"https:\/\/vocesdebaires.com.ar\/index.php\/wp-json\/wp\/v2\/media?parent=15622"}],"wp:term":[{"taxonomy":"category","embeddable":true,"href":"https:\/\/vocesdebaires.com.ar\/index.php\/wp-json\/wp\/v2\/categories?post=15622"},{"taxonomy":"post_tag","embeddable":true,"href":"https:\/\/vocesdebaires.com.ar\/index.php\/wp-json\/wp\/v2\/tags?post=15622"}],"curies":[{"name":"wp","href":"https:\/\/api.w.org\/{rel}","templated":true}]}}