{"id":15666,"date":"2013-04-08T12:51:05","date_gmt":"2013-04-08T15:51:05","guid":{"rendered":"http:\/\/vocesdebaires.com.ar\/wordpress\/index.php\/2013\/04\/08\/la-solidaridad-se-multiplica-por-todo-el-pais\/"},"modified":"2013-04-08T12:51:05","modified_gmt":"2013-04-08T15:51:05","slug":"la-solidaridad-se-multiplica-por-todo-el-pais","status":"publish","type":"post","link":"https:\/\/vocesdebaires.com.ar\/index.php\/2013\/04\/08\/la-solidaridad-se-multiplica-por-todo-el-pais\/","title":{"rendered":"La solidaridad se multiplica por todo el Pa\u00eds."},"content":{"rendered":"<p>Con igual eficacia, espontaneidad y amor, la solidaridad se mud\u00f3 al Planetario en una jornada musical que convoc\u00f3 a 30 mil personas. Con la Red Solidaria a la cabeza, otra vez se juntaron toneladas de agua potable, detergente, alimentos no perecederos, ropa y frazadas para las v\u00edctimas del temporal en La Plata y Capital. A pedido del Arzobispado de Buenos Aires, el punto de encuentro se traslad\u00f3 de la Catedral metropolitana hasta Palermo, donde se mont\u00f3 una log\u00edstica m\u00e1s adecuada para la separaci\u00f3n y distribuci\u00f3n de los materiales recolectados.<br \/>\n En tanto, para aprovechar el d\u00eda soleado y no laborable, Red Solidaria y Mundo Invisible organizaron el festival \u201cNo est\u00e1n solos\u201d, en el que sobresalieron los grupos Bersuit, Massacre, Fito P\u00e1ez, Divididos, Catupecu Machu y Tan Bi\u00f3nica. Al tiempo que los artistas se suced\u00edan sobre el escenario, el p\u00fablico celebr\u00f3 la partida de cada cami\u00f3n con aplausos. \u201cEsta es una de las campa\u00f1as m\u00e1s importantes donde se expres\u00f3 el pueblo\u201d, indic\u00f3 Juan Carr, titular de la Red Solidaria, que desde el mi\u00e9rcoles ha enviado m\u00e1s de 40 camiones a los puntos de conflicto. \u201cNo est\u00e1n solos en La Plata, en Belgrano, N\u00fa\u00f1ez o en Virreyes, no est\u00e1n solos tampoco en La Matanza, no est\u00e1n solos, no los vamos a abandonar\u201d, prometi\u00f3 Carr.<br \/>\n Por su parte, Gonzalo Rinaldi, integrante de la ONG \u201cUn minuto de vos\u201d, expres\u00f3 conmovido: \u201cSiento m\u00e1s emoci\u00f3n con cada donaci\u00f3n que llega que con cada cami\u00f3n que se va, porque lo que conmueve es el gesto de cada persona\u201d. Las muestras de apoyo y generosidad se multiplicaron por toda la Ciudad. Durante el fin de semana, El Trece mont\u00f3 un programa especial para ayudar y en cuatro horas logr\u00f3 llenar diez camiones. El aporte de dinero tambi\u00e9n fue importante a trav\u00e9s de transferencias bancarias y llamados a C\u00e1ritas y la Cruz Roja. El director de Gesti\u00f3n de Riesgo y Emergencias de Cruz Roja Argentina, Pablo Bruno, asegur\u00f3 que desde el mi\u00e9rcoles se han entregado 1.000 toneladas de donaciones.<br \/>\n En tanto, la Fundaci\u00f3n El Arte de Vivir despleg\u00f3 un centenar de voluntarios para limpiar las calles y viviendas de La Plata, repartir las donaciones que se recolectaron en las distintas sedes de Buenos Aires y brindar asistencia y cursos de alivio post trauma en las zonas m\u00e1s afectadas por las inundaciones. Lo mismo ocurri\u00f3 con la Fundaci\u00f3n S\u00ed, que sigue recibiendo alimentos, ropa y frazadas en todo el pa\u00eds. Ayer, la vereda de Carranza al 1900 (en Palermo) estaba copada por bolsas ordenadas y clasificadas para su distribuci\u00f3n. Adem\u00e1s, la Fundaci\u00f3n habilit\u00f3 otra forma de ayudar: se pueden comprar bonos de Groupon por 20 pesos. Nadie se qued\u00f3 afuera. Clubes de f\u00fatbol, la Copa Davis, supermercados, iglesias y empresas particulares tambi\u00e9n dijeron presente con su aporte, tan genuino y esperanzador.<br \/>\n\u00a0<\/p>\n","protected":false},"excerpt":{"rendered":"<p>Con igual eficacia, espontaneidad y amor, la solidaridad se mud\u00f3 al Planetario en una jornada musical que convoc\u00f3 a 30 mil personas. Con la Red Solidaria a la cabeza, otra vez se juntaron toneladas de agua potable, detergente, alimentos no perecederos, ropa y frazadas para las v\u00edctimas del temporal en La Plata y Capital. A [&hellip;]<\/p>\n","protected":false},"author":2,"featured_media":15667,"comment_status":"open","ping_status":"open","sticky":false,"template":"","format":"standard","meta":{"_et_pb_use_builder":"","_et_pb_old_content":"","_et_gb_content_width":"","footnotes":""},"categories":[11,33],"tags":[],"class_list":["post-15666","post","type-post","status-publish","format-standard","has-post-thumbnail","hentry","category-ciudad","category-sociedad-y-cultura-2"],"_links":{"self":[{"href":"https:\/\/vocesdebaires.com.ar\/index.php\/wp-json\/wp\/v2\/posts\/15666"}],"collection":[{"href":"https:\/\/vocesdebaires.com.ar\/index.php\/wp-json\/wp\/v2\/posts"}],"about":[{"href":"https:\/\/vocesdebaires.com.ar\/index.php\/wp-json\/wp\/v2\/types\/post"}],"author":[{"embeddable":true,"href":"https:\/\/vocesdebaires.com.ar\/index.php\/wp-json\/wp\/v2\/users\/2"}],"replies":[{"embeddable":true,"href":"https:\/\/vocesdebaires.com.ar\/index.php\/wp-json\/wp\/v2\/comments?post=15666"}],"version-history":[{"count":0,"href":"https:\/\/vocesdebaires.com.ar\/index.php\/wp-json\/wp\/v2\/posts\/15666\/revisions"}],"wp:featuredmedia":[{"embeddable":true,"href":"https:\/\/vocesdebaires.com.ar\/index.php\/wp-json\/wp\/v2\/media\/15667"}],"wp:attachment":[{"href":"https:\/\/vocesdebaires.com.ar\/index.php\/wp-json\/wp\/v2\/media?parent=15666"}],"wp:term":[{"taxonomy":"category","embeddable":true,"href":"https:\/\/vocesdebaires.com.ar\/index.php\/wp-json\/wp\/v2\/categories?post=15666"},{"taxonomy":"post_tag","embeddable":true,"href":"https:\/\/vocesdebaires.com.ar\/index.php\/wp-json\/wp\/v2\/tags?post=15666"}],"curies":[{"name":"wp","href":"https:\/\/api.w.org\/{rel}","templated":true}]}}