{"id":15674,"date":"2013-04-08T13:22:29","date_gmt":"2013-04-08T16:22:29","guid":{"rendered":"http:\/\/vocesdebaires.com.ar\/wordpress\/index.php\/2013\/04\/08\/se-conmemora-iom-hashoa\/"},"modified":"2013-04-08T13:22:29","modified_gmt":"2013-04-08T16:22:29","slug":"se-conmemora-iom-hashoa","status":"publish","type":"post","link":"https:\/\/vocesdebaires.com.ar\/index.php\/2013\/04\/08\/se-conmemora-iom-hashoa\/","title":{"rendered":"Se conmemora Iom HaSho\u00e1"},"content":{"rendered":"<p>A las 10 en punto de la ma\u00f1ana y como es tradicional, Israel y los israel\u00edes se detienen para rendir un homenaje a los 6 millones de m\u00e1rtires asesinados por los nazis durante la Segunda. Guerra Mundial. Junto al ulular de la sirenas en todo el pa\u00eds por 2 minutos, los israel\u00edes conmemoran a sus m\u00e1rtires. La inmensa mayor\u00eda de la poblaci\u00f3n paraliz\u00f3 sus actividades: los peatones interrumpieron su camino y los conductores se bajaron de sus veh\u00edculos y se quedaron parados y en silencio en calles y carreteras como muestra de respeto a la memoria de las v\u00edctimas de la Sho\u00e1.<br \/>\n Israel rinde homenaje as\u00ed a los seis millones de jud\u00edos asesinados en los guetos y campos de concentraci\u00f3n nazis, en una pol\u00edtica destinada a acabar con el juda\u00edsmo con un plan conocido como la &quot;Soluci\u00f3n Final&quot;. Este homenaje solemne, que comenz\u00f3 en la tarde de ayer, se prolonga durante todo el d\u00eda de hoy, en el que las televisiones emiten reportajes y pel\u00edculas sobre el Holocausto y se desarrollan actos institucionales y servicios religiosos. La ceremonia central que dio inicio a la conmemoraci\u00f3n tuvo lugar en el Museo del Holocausto de Jerusal\u00e9n (Yad Vashem), con el recuerdo del 70 aniversario de la sublevaci\u00f3n en el gueto de Varsovia.<br \/>\n\u00a0<\/p>\n","protected":false},"excerpt":{"rendered":"<p>A las 10 en punto de la ma\u00f1ana y como es tradicional, Israel y los israel\u00edes se detienen para rendir un homenaje a los 6 millones de m\u00e1rtires asesinados por los nazis durante la Segunda. Guerra Mundial. Junto al ulular de la sirenas en todo el pa\u00eds por 2 minutos, los israel\u00edes conmemoran a sus [&hellip;]<\/p>\n","protected":false},"author":2,"featured_media":15675,"comment_status":"open","ping_status":"open","sticky":false,"template":"","format":"standard","meta":{"_et_pb_use_builder":"","_et_pb_old_content":"","_et_gb_content_width":"","footnotes":""},"categories":[11,33],"tags":[],"class_list":["post-15674","post","type-post","status-publish","format-standard","has-post-thumbnail","hentry","category-ciudad","category-sociedad-y-cultura-2"],"_links":{"self":[{"href":"https:\/\/vocesdebaires.com.ar\/index.php\/wp-json\/wp\/v2\/posts\/15674"}],"collection":[{"href":"https:\/\/vocesdebaires.com.ar\/index.php\/wp-json\/wp\/v2\/posts"}],"about":[{"href":"https:\/\/vocesdebaires.com.ar\/index.php\/wp-json\/wp\/v2\/types\/post"}],"author":[{"embeddable":true,"href":"https:\/\/vocesdebaires.com.ar\/index.php\/wp-json\/wp\/v2\/users\/2"}],"replies":[{"embeddable":true,"href":"https:\/\/vocesdebaires.com.ar\/index.php\/wp-json\/wp\/v2\/comments?post=15674"}],"version-history":[{"count":0,"href":"https:\/\/vocesdebaires.com.ar\/index.php\/wp-json\/wp\/v2\/posts\/15674\/revisions"}],"wp:featuredmedia":[{"embeddable":true,"href":"https:\/\/vocesdebaires.com.ar\/index.php\/wp-json\/wp\/v2\/media\/15675"}],"wp:attachment":[{"href":"https:\/\/vocesdebaires.com.ar\/index.php\/wp-json\/wp\/v2\/media?parent=15674"}],"wp:term":[{"taxonomy":"category","embeddable":true,"href":"https:\/\/vocesdebaires.com.ar\/index.php\/wp-json\/wp\/v2\/categories?post=15674"},{"taxonomy":"post_tag","embeddable":true,"href":"https:\/\/vocesdebaires.com.ar\/index.php\/wp-json\/wp\/v2\/tags?post=15674"}],"curies":[{"name":"wp","href":"https:\/\/api.w.org\/{rel}","templated":true}]}}