{"id":15676,"date":"2013-04-08T13:31:59","date_gmt":"2013-04-08T16:31:59","guid":{"rendered":"http:\/\/vocesdebaires.com.ar\/wordpress\/index.php\/2013\/04\/08\/vidal-admitio-que-la-ciudad-no-estaba-preparada\/"},"modified":"2013-04-08T13:31:59","modified_gmt":"2013-04-08T16:31:59","slug":"vidal-admitio-que-la-ciudad-no-estaba-preparada","status":"publish","type":"post","link":"https:\/\/vocesdebaires.com.ar\/index.php\/2013\/04\/08\/vidal-admitio-que-la-ciudad-no-estaba-preparada\/","title":{"rendered":"Vidal admiti\u00f3 que la Ciudad no estaba preparada"},"content":{"rendered":"<p>Mar\u00eda Eugenia Vida, vicejefa de Gobierno porte\u00f1o, admiti\u00f3 este domingo que la Ciudad no estaba preparada para una tragedia de la magnitud de las lluvias e inundaciones del pasado martes. &quot;Lo que dej\u00f3 en claro la tragedia es que hubo responsabilidades parejas. Todos tenemos algo que mejorar. Tratar de especular sobre las responsabilidades y pensar que alguien va a lograr que uno se lleve la culpa y el resto no, es pat\u00e9tico y miserable. Las autoridades tienen que hacer una fuerte autocr\u00edtica y una reflexi\u00f3n profunda sobre lo que pas\u00f3&quot;, afirm\u00f3 Vidal en di\u00e1logo con Radio 10.<br \/>\n La funcionaria manifest\u00f3 que la magnitud de las lluvias ca\u00eddas entre el lunes y martes &quot;sobrepas\u00f3 la capacidad del Estado&quot; y admiti\u00f3 que &quot;realmente fue de una dimensi\u00f3n frente a la cual no est\u00e1bamos preparados&quot;. &quot;Ninguna otra tragedia antes hab\u00eda afectado barrios enteros, por lo menos en la Ciudad. El gobierno de la Ciudad, como no ten\u00eda antecedentes, no ten\u00eda el orden de magnitud de los equipos, que hac\u00edan falta para atender a 300 mil personas&quot;, enfatiz\u00f3. Apunt\u00f3 al gobierno nacional al afirmar que &quot;las obras de los arroyos Vega y Medrano estaban adjudicadas con empresas elegidas, en mayo de 2009 y la Naci\u00f3n reci\u00e9n dio el aval para el cr\u00e9dito hace diez d\u00edas&quot;.<br \/>\n &quot;Todos esos a\u00f1os que no trabajamos juntos, son a\u00f1os que se pagaron en esta inundaci\u00f3n. No puede pasar que la mezquindad y la diferencia partidaria sea m\u00e1s importante que resolver los problemas de la gente&quot;, sentenci\u00f3. Vidal reclam\u00f3 al gobierno nacional que los convoque urgente a dialogar y agreg\u00f3: &quot;No podemos perder un d\u00eda m\u00e1s para encarar las obras y trabajar en conjunto&quot;. Expres\u00f3 que con el temporal &quot;la gente nos est\u00e1 poniendo un l\u00edmite&quot; y subray\u00f3 que si los dirigentes no entienden esto es que no entendieron nada. &quot;Creo que con las inundaciones perdi\u00f3 la sociedad y perdimos todos. Lo \u00fanico que podemos hacer es aprender, tener autocr\u00edtica y mirar para adelante, pero no para olvidar, sino para que esto no se vuelva a repetir&quot;, enfatiz\u00f3 la vicejefa de Gobierno.<br \/>\n\u00a0<\/p>\n","protected":false},"excerpt":{"rendered":"<p>Mar\u00eda Eugenia Vida, vicejefa de Gobierno porte\u00f1o, admiti\u00f3 este domingo que la Ciudad no estaba preparada para una tragedia de la magnitud de las lluvias e inundaciones del pasado martes. &quot;Lo que dej\u00f3 en claro la tragedia es que hubo responsabilidades parejas. Todos tenemos algo que mejorar. Tratar de especular sobre las responsabilidades y pensar [&hellip;]<\/p>\n","protected":false},"author":2,"featured_media":15677,"comment_status":"open","ping_status":"open","sticky":false,"template":"","format":"standard","meta":{"_et_pb_use_builder":"","_et_pb_old_content":"","_et_gb_content_width":"","footnotes":""},"categories":[11,44],"tags":[],"class_list":["post-15676","post","type-post","status-publish","format-standard","has-post-thumbnail","hentry","category-ciudad","category-funcionarios-de-la-caba"],"_links":{"self":[{"href":"https:\/\/vocesdebaires.com.ar\/index.php\/wp-json\/wp\/v2\/posts\/15676"}],"collection":[{"href":"https:\/\/vocesdebaires.com.ar\/index.php\/wp-json\/wp\/v2\/posts"}],"about":[{"href":"https:\/\/vocesdebaires.com.ar\/index.php\/wp-json\/wp\/v2\/types\/post"}],"author":[{"embeddable":true,"href":"https:\/\/vocesdebaires.com.ar\/index.php\/wp-json\/wp\/v2\/users\/2"}],"replies":[{"embeddable":true,"href":"https:\/\/vocesdebaires.com.ar\/index.php\/wp-json\/wp\/v2\/comments?post=15676"}],"version-history":[{"count":0,"href":"https:\/\/vocesdebaires.com.ar\/index.php\/wp-json\/wp\/v2\/posts\/15676\/revisions"}],"wp:featuredmedia":[{"embeddable":true,"href":"https:\/\/vocesdebaires.com.ar\/index.php\/wp-json\/wp\/v2\/media\/15677"}],"wp:attachment":[{"href":"https:\/\/vocesdebaires.com.ar\/index.php\/wp-json\/wp\/v2\/media?parent=15676"}],"wp:term":[{"taxonomy":"category","embeddable":true,"href":"https:\/\/vocesdebaires.com.ar\/index.php\/wp-json\/wp\/v2\/categories?post=15676"},{"taxonomy":"post_tag","embeddable":true,"href":"https:\/\/vocesdebaires.com.ar\/index.php\/wp-json\/wp\/v2\/tags?post=15676"}],"curies":[{"name":"wp","href":"https:\/\/api.w.org\/{rel}","templated":true}]}}