{"id":15690,"date":"2013-04-09T14:13:28","date_gmt":"2013-04-09T17:13:28","guid":{"rendered":"http:\/\/vocesdebaires.com.ar\/wordpress\/index.php\/2013\/04\/09\/un-pozo-gigante-en-devoto\/"},"modified":"2013-04-09T14:13:28","modified_gmt":"2013-04-09T17:13:28","slug":"un-pozo-gigante-en-devoto","status":"publish","type":"post","link":"https:\/\/vocesdebaires.com.ar\/index.php\/2013\/04\/09\/un-pozo-gigante-en-devoto\/","title":{"rendered":"Un pozo gigante en Devoto"},"content":{"rendered":"<p>Ante las denuncias de los vecinos y la intimaci\u00f3n del Ministerio de Ambiente y Espacio P\u00fablico, la empresa Aysa comenz\u00f3 a trabajar en un pozo de siete metros de profundidad sobre Beir\u00f3 al 3600. Mientras, la calle est\u00e1 cerrada para su circulaci\u00f3n, con el fin de evitar accidentes.<br \/>\n\u00a0<\/p>\n","protected":false},"excerpt":{"rendered":"<p>Ante las denuncias de los vecinos y la intimaci\u00f3n del Ministerio de Ambiente y Espacio P\u00fablico, la empresa Aysa comenz\u00f3 a trabajar en un pozo de siete metros de profundidad sobre Beir\u00f3 al 3600. Mientras, la calle est\u00e1 cerrada para su circulaci\u00f3n, con el fin de evitar accidentes. \u00a0<\/p>\n","protected":false},"author":2,"featured_media":15691,"comment_status":"open","ping_status":"open","sticky":false,"template":"","format":"standard","meta":{"_et_pb_use_builder":"","_et_pb_old_content":"","_et_gb_content_width":"","footnotes":""},"categories":[11,32],"tags":[],"class_list":["post-15690","post","type-post","status-publish","format-standard","has-post-thumbnail","hentry","category-ciudad","category-comunas"],"_links":{"self":[{"href":"https:\/\/vocesdebaires.com.ar\/index.php\/wp-json\/wp\/v2\/posts\/15690"}],"collection":[{"href":"https:\/\/vocesdebaires.com.ar\/index.php\/wp-json\/wp\/v2\/posts"}],"about":[{"href":"https:\/\/vocesdebaires.com.ar\/index.php\/wp-json\/wp\/v2\/types\/post"}],"author":[{"embeddable":true,"href":"https:\/\/vocesdebaires.com.ar\/index.php\/wp-json\/wp\/v2\/users\/2"}],"replies":[{"embeddable":true,"href":"https:\/\/vocesdebaires.com.ar\/index.php\/wp-json\/wp\/v2\/comments?post=15690"}],"version-history":[{"count":0,"href":"https:\/\/vocesdebaires.com.ar\/index.php\/wp-json\/wp\/v2\/posts\/15690\/revisions"}],"wp:featuredmedia":[{"embeddable":true,"href":"https:\/\/vocesdebaires.com.ar\/index.php\/wp-json\/wp\/v2\/media\/15691"}],"wp:attachment":[{"href":"https:\/\/vocesdebaires.com.ar\/index.php\/wp-json\/wp\/v2\/media?parent=15690"}],"wp:term":[{"taxonomy":"category","embeddable":true,"href":"https:\/\/vocesdebaires.com.ar\/index.php\/wp-json\/wp\/v2\/categories?post=15690"},{"taxonomy":"post_tag","embeddable":true,"href":"https:\/\/vocesdebaires.com.ar\/index.php\/wp-json\/wp\/v2\/tags?post=15690"}],"curies":[{"name":"wp","href":"https:\/\/api.w.org\/{rel}","templated":true}]}}