{"id":15695,"date":"2013-04-09T18:54:52","date_gmt":"2013-04-09T21:54:52","guid":{"rendered":"http:\/\/vocesdebaires.com.ar\/wordpress\/index.php\/2013\/04\/09\/macri-y-abal-medina-intercambiaron-criticas-en-un-acto\/"},"modified":"2013-04-09T18:54:52","modified_gmt":"2013-04-09T21:54:52","slug":"macri-y-abal-medina-intercambiaron-criticas-en-un-acto","status":"publish","type":"post","link":"https:\/\/vocesdebaires.com.ar\/index.php\/2013\/04\/09\/macri-y-abal-medina-intercambiaron-criticas-en-un-acto\/","title":{"rendered":"Macri y Abal Medina intercambiaron cr\u00edticas en un acto"},"content":{"rendered":"<p>El jefe de Gabinete de ministros, Juan Manuel Abal Medina, y el jefe de Gobierno porte\u00f1o, Mauricio Macri, se cruzaron hoy por &quot;el futuro&quot; del pa\u00eds y el rol del Estado, durante el acto de inauguraci\u00f3n del campus de una universidad privada en el barrio de Belgrano. Ambos funcionarios estuvieron presentes en el encuentro oficial de apertura del predio de la Universidad Torcuato Di Tella, en la avenida Figueroa Alcorta al 7300, donde hicieron uso de la palabra y luego, en declaraciones a la prensa, Abal Medina tild\u00f3 de &quot;desubicado&quot; al l\u00edder de PRO.<br \/>\n Primero habl\u00f3 Macri, quien asegur\u00f3: &quot;No me canso de decir que a la Argentina le falta futuro. No se dan los debates fundamentales, porque no hay ambientes para llevarlos a cabo. Nos empecinamos en analizar los fracasos del pasado en vez de dejarlos atr\u00e1s&quot;, se quej\u00f3, para luego plantear que &quot;hay que entender que con m\u00e1s estatismo tenemos menos Estado&quot;. Luego hizo uso de la palabra Abal Medina, quien, durante su discurso, enfatiz\u00f3 los avances en materia educativa desde que el kirchnerismo lleg\u00f3 al poder. Al t\u00e9rmino de la actividad, el ministro coordinador fue consultado por los dichos de Macri, sobre lo que opin\u00f3: &quot;Su discurso no era para este \u00e1mbito. Fue desubicado. Yo tambi\u00e9n me podr\u00eda haber puesto a criticar al macrismo pero decid\u00ed responderle con datos&quot;.<br \/>\n En ese sentido, destac\u00f3 que &quot;en los \u00faltimos 10 a\u00f1os creci\u00f3 50 por ciento la cantidad de argentinos que terminan la universidad&quot;, y remarc\u00f3 que la educaci\u00f3n es &quot;el pivote central de las pol\u00edticas p\u00fablicas que van a transformar a la Argentina&quot;. La apertura del predio de la Universidad Di Tella &quot;es una clara muestra del momento que vive la Argentina. Las instituciones van creciendo, se van desarrollando, y miramos al futuro&quot;, enfatiz\u00f3. En igual sentido, se\u00f1al\u00f3 que &quot;no estamos hablando de cosas vac\u00edas, sino de resultados concretos&quot;, y mencion\u00f3 que la cantidad de egresados universitarios pas\u00f3 de &quot;60 mil a 100 mil&quot;.<br \/>\n\u00a0<br \/>\nFuente: DyN<br \/>\n\u00a0<\/p>\n","protected":false},"excerpt":{"rendered":"<p>El jefe de Gabinete de ministros, Juan Manuel Abal Medina, y el jefe de Gobierno porte\u00f1o, Mauricio Macri, se cruzaron hoy por &quot;el futuro&quot; del pa\u00eds y el rol del Estado, durante el acto de inauguraci\u00f3n del campus de una universidad privada en el barrio de Belgrano. Ambos funcionarios estuvieron presentes en el encuentro oficial [&hellip;]<\/p>\n","protected":false},"author":2,"featured_media":15696,"comment_status":"open","ping_status":"open","sticky":false,"template":"","format":"standard","meta":{"_et_pb_use_builder":"","_et_pb_old_content":"","_et_gb_content_width":"","footnotes":""},"categories":[11,33],"tags":[],"class_list":["post-15695","post","type-post","status-publish","format-standard","has-post-thumbnail","hentry","category-ciudad","category-sociedad-y-cultura-2"],"_links":{"self":[{"href":"https:\/\/vocesdebaires.com.ar\/index.php\/wp-json\/wp\/v2\/posts\/15695"}],"collection":[{"href":"https:\/\/vocesdebaires.com.ar\/index.php\/wp-json\/wp\/v2\/posts"}],"about":[{"href":"https:\/\/vocesdebaires.com.ar\/index.php\/wp-json\/wp\/v2\/types\/post"}],"author":[{"embeddable":true,"href":"https:\/\/vocesdebaires.com.ar\/index.php\/wp-json\/wp\/v2\/users\/2"}],"replies":[{"embeddable":true,"href":"https:\/\/vocesdebaires.com.ar\/index.php\/wp-json\/wp\/v2\/comments?post=15695"}],"version-history":[{"count":0,"href":"https:\/\/vocesdebaires.com.ar\/index.php\/wp-json\/wp\/v2\/posts\/15695\/revisions"}],"wp:featuredmedia":[{"embeddable":true,"href":"https:\/\/vocesdebaires.com.ar\/index.php\/wp-json\/wp\/v2\/media\/15696"}],"wp:attachment":[{"href":"https:\/\/vocesdebaires.com.ar\/index.php\/wp-json\/wp\/v2\/media?parent=15695"}],"wp:term":[{"taxonomy":"category","embeddable":true,"href":"https:\/\/vocesdebaires.com.ar\/index.php\/wp-json\/wp\/v2\/categories?post=15695"},{"taxonomy":"post_tag","embeddable":true,"href":"https:\/\/vocesdebaires.com.ar\/index.php\/wp-json\/wp\/v2\/tags?post=15695"}],"curies":[{"name":"wp","href":"https:\/\/api.w.org\/{rel}","templated":true}]}}