{"id":1570,"date":"2020-07-31T03:00:00","date_gmt":"2020-07-31T06:00:00","guid":{"rendered":"http:\/\/vocesdebaires.com.ar\/wordpress\/index.php\/2020\/07\/31\/ciudad-secuestraron-200-carteras-marcas-apocrifa\/"},"modified":"2020-07-31T03:00:00","modified_gmt":"2020-07-31T06:00:00","slug":"ciudad-secuestraron-200-carteras-marcas-apocrifa","status":"publish","type":"post","link":"https:\/\/vocesdebaires.com.ar\/index.php\/2020\/07\/31\/ciudad-secuestraron-200-carteras-marcas-apocrifa\/","title":{"rendered":"Ciudad secuestraron 200 carteras marcas ap\u00f3crifa"},"content":{"rendered":"<p>El hecho ocurri\u00f3 cuando personal de la Divisi\u00f3n Destacamentos y Autopistas de la Polic\u00eda de la Ciudad, con la colaboraci\u00f3n de la Direcci\u00f3n General de Coordinaci\u00f3n Operativa del Ministerio de Justicia y Seguridad, detuvo en la autopista 25 de Mayo, con sentido al Centro, la marcha de una Renault Kangoo para constatar la existencia del permiso correspondiente de circulaci\u00f3n.Mientras el chofer exhib\u00eda la autorizaci\u00f3n, los efectivos policiales observaron que dentro de la camioneta hab\u00eda varias bolsas de nylon con mercader\u00eda. Al ser requisada, se determin\u00f3 que eran 196 carteras de marca ap\u00f3crifa Sharon.Ante esta situaci\u00f3n, el hombre neg\u00f3 tener un remito que acreditara la titularidad de las carteras, por lo que se realiz\u00f3 consulta con la Fiscal\u00eda Penal, Contravencional y de Faltas N\u00famero 22, a cargo de la doctora Mariela Deminicis, quien dispuso el secuestro de la mercader\u00eda y la imputaci\u00f3n del hombre, de 27 a\u00f1os, por infracci\u00f3n a la Ley de Marcas (Ley 22.362).<\/p>\n","protected":false},"excerpt":{"rendered":"<p>El hecho ocurri\u00f3 cuando personal de la Divisi\u00f3n Destacamentos y Autopistas de la Polic\u00eda de la Ciudad, con la colaboraci\u00f3n de la Direcci\u00f3n General de Coordinaci\u00f3n Operativa del Ministerio de Justicia y Seguridad, detuvo en la autopista 25 de Mayo, con sentido al Centro, la marcha de una Renault Kangoo para constatar la existencia del [&hellip;]<\/p>\n","protected":false},"author":1,"featured_media":1571,"comment_status":"open","ping_status":"open","sticky":false,"template":"","format":"standard","meta":{"_et_pb_use_builder":"","_et_pb_old_content":"","_et_gb_content_width":"","footnotes":""},"categories":[11,32],"tags":[],"class_list":["post-1570","post","type-post","status-publish","format-standard","has-post-thumbnail","hentry","category-ciudad","category-comunas"],"_links":{"self":[{"href":"https:\/\/vocesdebaires.com.ar\/index.php\/wp-json\/wp\/v2\/posts\/1570"}],"collection":[{"href":"https:\/\/vocesdebaires.com.ar\/index.php\/wp-json\/wp\/v2\/posts"}],"about":[{"href":"https:\/\/vocesdebaires.com.ar\/index.php\/wp-json\/wp\/v2\/types\/post"}],"author":[{"embeddable":true,"href":"https:\/\/vocesdebaires.com.ar\/index.php\/wp-json\/wp\/v2\/users\/1"}],"replies":[{"embeddable":true,"href":"https:\/\/vocesdebaires.com.ar\/index.php\/wp-json\/wp\/v2\/comments?post=1570"}],"version-history":[{"count":0,"href":"https:\/\/vocesdebaires.com.ar\/index.php\/wp-json\/wp\/v2\/posts\/1570\/revisions"}],"wp:featuredmedia":[{"embeddable":true,"href":"https:\/\/vocesdebaires.com.ar\/index.php\/wp-json\/wp\/v2\/media\/1571"}],"wp:attachment":[{"href":"https:\/\/vocesdebaires.com.ar\/index.php\/wp-json\/wp\/v2\/media?parent=1570"}],"wp:term":[{"taxonomy":"category","embeddable":true,"href":"https:\/\/vocesdebaires.com.ar\/index.php\/wp-json\/wp\/v2\/categories?post=1570"},{"taxonomy":"post_tag","embeddable":true,"href":"https:\/\/vocesdebaires.com.ar\/index.php\/wp-json\/wp\/v2\/tags?post=1570"}],"curies":[{"name":"wp","href":"https:\/\/api.w.org\/{rel}","templated":true}]}}