{"id":15700,"date":"2013-04-10T13:02:18","date_gmt":"2013-04-10T16:02:18","guid":{"rendered":"http:\/\/vocesdebaires.com.ar\/wordpress\/index.php\/2013\/04\/10\/macri-trabajar-juntos-para-salir-adelante\/"},"modified":"2013-04-10T13:02:18","modified_gmt":"2013-04-10T16:02:18","slug":"macri-trabajar-juntos-para-salir-adelante","status":"publish","type":"post","link":"https:\/\/vocesdebaires.com.ar\/index.php\/2013\/04\/10\/macri-trabajar-juntos-para-salir-adelante\/","title":{"rendered":"Macri: trabajar juntos para salir adelante"},"content":{"rendered":"<p>El jefe de Gobierno de la Ciudad de Buenos Aires, Mauricio Macri, abog\u00f3 hoy en favor de crear un ambiente favorable \u00a0\u201cpara debatir con respeto\u201d sobre los principales problemas del pa\u00eds y afirm\u00f3 que los argentinos tenemos que trabajar juntos\u201d.  \u201cJuntos para salir adelante, para fortalecer nuestras instituciones, para desarrollarnos y para darles oportunidades de progreso a todos, especialmente a los que menos tienen\u201d, dijo \u00a0esta ma\u00f1ana al hablar durante el acto de apertura de la nueva sede de la Universidad Di Tella, en el barrio de Belgrano.Macri sostuvo que \u201ca los pa\u00edses se los mide por la calidad y la cantidad de sus instituciones\u201d.<br \/>\n  Destac\u00f3 en su exposici\u00f3n \u00a0el ejemplo de la Universidad Di Tella y subray\u00f3 que su trayectoria \u201ces una demostraci\u00f3n de todo lo que se logra y se puede cuando hay iniciativa, esp\u00edritu emprendedor y trabajo conjunto\u201d. \u201cPero frente a este ejemplo no puedo dejar de hacer una reflexi\u00f3n sobre lo que \u00a0sucedi\u00f3 la semana pasada, que, justamente, \u00a0es la contracara, porque tuvimos mucho dolor y muchas vidas perdidas inexplicablemente\u201d, se\u00f1al\u00f3.  Record\u00f3 el di\u00e1logo que mantuvo con el \u00a0ciudadano \u00a0Alberto Grimaldi, hijo de una mujer que muri\u00f3 ahogada durante el temporal, cuando \u201cme dijo que la vida de su madre y la de todas las v\u00edctimas no puede ser en vano y que tenemos que entender que los argentinos tenemos que trabajar juntos para resolver nuestros problemas\u201d.<br \/>\n Macri afirm\u00f3 que es necesario una visi\u00f3n aspiracional, que es lo que nos va a ayudar a entender que lo realmente importante es lo que hacemos hoy para que nuestros hijos tengan un futuro mejor ma\u00f1ana\u201d. \u201cNecesitamos \u00a0debatir en una mesa respet\u00e1ndonos \u00a0para analizar c\u00f3mo hacemos y c\u00f3mo tenemos que trabajar para tener menos pobreza y m\u00e1s oportunidades de crecimiento, m\u00e1s seguridad y mejor educaci\u00f3n, m\u00e1s inversi\u00f3n y menos gasto, m\u00e1s transparencia y menos clientelismo y para entender por qu\u00e9 con m\u00e1s estatismo tenemos menos Estado\u201d, agreg\u00f3.<br \/>\n\u00a0<\/p>\n","protected":false},"excerpt":{"rendered":"<p>El jefe de Gobierno de la Ciudad de Buenos Aires, Mauricio Macri, abog\u00f3 hoy en favor de crear un ambiente favorable \u00a0\u201cpara debatir con respeto\u201d sobre los principales problemas del pa\u00eds y afirm\u00f3 que los argentinos tenemos que trabajar juntos\u201d. \u201cJuntos para salir adelante, para fortalecer nuestras instituciones, para desarrollarnos y para darles oportunidades de [&hellip;]<\/p>\n","protected":false},"author":2,"featured_media":15701,"comment_status":"open","ping_status":"open","sticky":false,"template":"","format":"standard","meta":{"_et_pb_use_builder":"","_et_pb_old_content":"","_et_gb_content_width":"","footnotes":""},"categories":[11,44],"tags":[],"class_list":["post-15700","post","type-post","status-publish","format-standard","has-post-thumbnail","hentry","category-ciudad","category-funcionarios-de-la-caba"],"_links":{"self":[{"href":"https:\/\/vocesdebaires.com.ar\/index.php\/wp-json\/wp\/v2\/posts\/15700"}],"collection":[{"href":"https:\/\/vocesdebaires.com.ar\/index.php\/wp-json\/wp\/v2\/posts"}],"about":[{"href":"https:\/\/vocesdebaires.com.ar\/index.php\/wp-json\/wp\/v2\/types\/post"}],"author":[{"embeddable":true,"href":"https:\/\/vocesdebaires.com.ar\/index.php\/wp-json\/wp\/v2\/users\/2"}],"replies":[{"embeddable":true,"href":"https:\/\/vocesdebaires.com.ar\/index.php\/wp-json\/wp\/v2\/comments?post=15700"}],"version-history":[{"count":0,"href":"https:\/\/vocesdebaires.com.ar\/index.php\/wp-json\/wp\/v2\/posts\/15700\/revisions"}],"wp:featuredmedia":[{"embeddable":true,"href":"https:\/\/vocesdebaires.com.ar\/index.php\/wp-json\/wp\/v2\/media\/15701"}],"wp:attachment":[{"href":"https:\/\/vocesdebaires.com.ar\/index.php\/wp-json\/wp\/v2\/media?parent=15700"}],"wp:term":[{"taxonomy":"category","embeddable":true,"href":"https:\/\/vocesdebaires.com.ar\/index.php\/wp-json\/wp\/v2\/categories?post=15700"},{"taxonomy":"post_tag","embeddable":true,"href":"https:\/\/vocesdebaires.com.ar\/index.php\/wp-json\/wp\/v2\/tags?post=15700"}],"curies":[{"name":"wp","href":"https:\/\/api.w.org\/{rel}","templated":true}]}}