{"id":15726,"date":"2013-04-11T21:01:31","date_gmt":"2013-04-12T00:01:31","guid":{"rendered":"http:\/\/vocesdebaires.com.ar\/wordpress\/index.php\/2013\/04\/11\/bodart-en-el-congreso-de-la-cta-nacional\/"},"modified":"2013-04-11T21:01:31","modified_gmt":"2013-04-12T00:01:31","slug":"bodart-en-el-congreso-de-la-cta-nacional","status":"publish","type":"post","link":"https:\/\/vocesdebaires.com.ar\/index.php\/2013\/04\/11\/bodart-en-el-congreso-de-la-cta-nacional\/","title":{"rendered":"Bodart, en el congreso de la CTA Nacional"},"content":{"rendered":"<p>El legislador \u00a0Alejandro Bodart (MST en Proyecto Sur), quien como congresal nacional participa hoy del congreso de la CTA que encabeza Pablo Micheli, afirm\u00f3: &quot;Es inadmisible que el ministro Carlos Tomada le siga negando la personer\u00eda a la CTA, pero aconseje y defienda a bur\u00f3cratas asesinos como Jos\u00e9 Pedraza. Si no quiere ser c\u00f3mplice, Cristina Kirchner deber\u00eda separarlo ya mismo del cargo.&quot; Bodart agreg\u00f3: &quot;Las escuchas Tomada-Pedraza marcan la necesidad de terminar con la burocracia sindical y sus patotas, para fortalecer un gremialismo \u00a0combativo, democr\u00e1tico e independiente del gobierno.&quot;<br \/>\n\u00a0<br \/>\n\u00a0<br \/>\n\u00a0<br \/>\n\u00a0<\/p>\n","protected":false},"excerpt":{"rendered":"<p>El legislador \u00a0Alejandro Bodart (MST en Proyecto Sur), quien como congresal nacional participa hoy del congreso de la CTA que encabeza Pablo Micheli, afirm\u00f3: &quot;Es inadmisible que el ministro Carlos Tomada le siga negando la personer\u00eda a la CTA, pero aconseje y defienda a bur\u00f3cratas asesinos como Jos\u00e9 Pedraza. Si no quiere ser c\u00f3mplice, Cristina [&hellip;]<\/p>\n","protected":false},"author":2,"featured_media":15727,"comment_status":"open","ping_status":"open","sticky":false,"template":"","format":"standard","meta":{"_et_pb_use_builder":"","_et_pb_old_content":"","_et_gb_content_width":"","footnotes":""},"categories":[11,33],"tags":[],"class_list":["post-15726","post","type-post","status-publish","format-standard","has-post-thumbnail","hentry","category-ciudad","category-sociedad-y-cultura-2"],"_links":{"self":[{"href":"https:\/\/vocesdebaires.com.ar\/index.php\/wp-json\/wp\/v2\/posts\/15726"}],"collection":[{"href":"https:\/\/vocesdebaires.com.ar\/index.php\/wp-json\/wp\/v2\/posts"}],"about":[{"href":"https:\/\/vocesdebaires.com.ar\/index.php\/wp-json\/wp\/v2\/types\/post"}],"author":[{"embeddable":true,"href":"https:\/\/vocesdebaires.com.ar\/index.php\/wp-json\/wp\/v2\/users\/2"}],"replies":[{"embeddable":true,"href":"https:\/\/vocesdebaires.com.ar\/index.php\/wp-json\/wp\/v2\/comments?post=15726"}],"version-history":[{"count":0,"href":"https:\/\/vocesdebaires.com.ar\/index.php\/wp-json\/wp\/v2\/posts\/15726\/revisions"}],"wp:featuredmedia":[{"embeddable":true,"href":"https:\/\/vocesdebaires.com.ar\/index.php\/wp-json\/wp\/v2\/media\/15727"}],"wp:attachment":[{"href":"https:\/\/vocesdebaires.com.ar\/index.php\/wp-json\/wp\/v2\/media?parent=15726"}],"wp:term":[{"taxonomy":"category","embeddable":true,"href":"https:\/\/vocesdebaires.com.ar\/index.php\/wp-json\/wp\/v2\/categories?post=15726"},{"taxonomy":"post_tag","embeddable":true,"href":"https:\/\/vocesdebaires.com.ar\/index.php\/wp-json\/wp\/v2\/tags?post=15726"}],"curies":[{"name":"wp","href":"https:\/\/api.w.org\/{rel}","templated":true}]}}