{"id":15730,"date":"2013-04-12T12:49:52","date_gmt":"2013-04-12T15:49:52","guid":{"rendered":"http:\/\/vocesdebaires.com.ar\/wordpress\/index.php\/2013\/04\/12\/la-ciudad-agasajara-a-escocia-y-calabria\/"},"modified":"2013-04-12T12:49:52","modified_gmt":"2013-04-12T15:49:52","slug":"la-ciudad-agasajara-a-escocia-y-calabria","status":"publish","type":"post","link":"https:\/\/vocesdebaires.com.ar\/index.php\/2013\/04\/12\/la-ciudad-agasajara-a-escocia-y-calabria\/","title":{"rendered":"La Ciudad agasajar\u00e1 a Escocia y Calabria"},"content":{"rendered":"<p>El Gobierno porte\u00f1o homenajear\u00e1 el pr\u00f3ximo s\u00e1bado y domingo en la Avenida de Mayo a las colectividades escocesa y calabresa, respectivamente, en un nuevo tramo del Programa Buenos Aires Celebra, que propicia el conocimiento cultural de las diferentes comunidades radicadas en la Ciudad.  El s\u00e1bado, a las 12, la colectividad escocesa festejar\u00e1 \u201cEl D\u00eda del Tart\u00e1n\u201d, con la apertura de una feria Celta y N\u00f3rdica en que se ofrecer\u00e1 comidas, productos t\u00edpicos y artesan\u00edas  Habr\u00e1 un desfile con m\u00fasica t\u00edpica que recorrer\u00e1 la Avenida de Mayo, shows musicales, performance de danza escocesas y la simulaci\u00f3n de una batalla.<br \/>\nEn el D\u00eda del Tart\u00e1n (el nombre proviene de la tela con que se confeccionan los kilt, las t\u00edpicas polleras) los descendientes de escoceses recuerdan su legado cultural y los aportes que han hecho a favor de las sociedades donde se han establecido. Esta actividad ser\u00e1 organizada por la Subsecretar\u00eda de Derechos Humanos y Pluralismo Cultural, a trav\u00e9s de la Direcci\u00f3n General de Colectividades junto a la Asociaci\u00f3n Escocesa Argentina. En tanto que el domingo, tambi\u00e9n a partir de las 12, la Ciudad celebrar\u00e1 el D\u00eda del Inmigrante Calabr\u00e9s, con una serie de actos que comenzar\u00e1n con la participaci\u00f3n de la Banda Musical de la Prefectura Naval Argentina.<br \/>\nA las 13, los visitantes encontrar\u00e1n a lo largo de la Avenida de Mayo diversos estands culturales y gastron\u00f3micos en los que la comunidad calabresa ofrecer\u00e1 una amplia gama de productos tradicionales.  En esta nueva edici\u00f3n de Buenos Aires Celebra habr\u00e1 m\u00e1s de 40 asociaciones e instituciones calabresas que entregar\u00e1n informaci\u00f3n sobre sus actividades y compartir\u00e1n con el p\u00fablico sus experiencias y costumbres.  Entre otros elencos, se presentar\u00e1 el cuerpo de danzas de la Ciudad de Rosario I Strinari di Calabria y de la Ciudad de Tandil All uso nostro  A las 15, se realizar\u00e1 el acto protocolar con la presencia del Embajador y del C\u00f3nsul General de Italia, autoridades de la colectividad italiana y del Gobierno de la Ciudad.<br \/>\nM\u00e1s tarde la Liga de Mujeres Calabresas entregar\u00e1 una distinci\u00f3n a la conductora Ver\u00f3nica Varano por su apoyo incondicional a la colectividad.<br \/>\nEl festejo contar\u00e1 con la presencia del Ente Nacional de Turismo de Italia y la Federaci\u00f3n de Asociaciones Calabresas en Argentina expender\u00e1 bonos \u00a0contribuci\u00f3n cuyos n\u00fameros participar\u00e1n de un sorteo para ganar un pasaje a la bella Regi\u00f3n de Calabria.<br \/>\nEl cierre estar\u00e1 a cargo de la Orquesta T\u00edpica de Carlos Provenzano que culminar\u00e1 la velada con un festival de Tarantelas para divertirse y compartir entre todos.<br \/>\nEl D\u00eda Mundial del Emigrante Calabr\u00e9s fue convertido en ley por la Regi\u00f3n Calabria a trav\u00e9s de un proyecto de la Asociaci\u00f3n Lega Donne Calabresi y de la Federaci\u00f3n de Asociaciones Calabresas en Argentina.<br \/>\nToma como referencia el d\u00eda 2 de abril en homenaje al primer emigrante calabr\u00e9s, el Santo Patrono San Francesco di Paola.<br \/>\nDurante la jornada, la Colectividad y Caritas recibir\u00e1n donaciones de art\u00edculos de limpieza, alimentos no perecederos y agua, destinadas a los damnificados por el temporal.<br \/>\nEn caso de lluvia el evento, Buenos Aires Celebra el D\u00eda del Inmigrante Calabr\u00e9s, se postergar\u00e1 para el domingo 28 de abril.<br \/>\n\u00a0<\/p>\n","protected":false},"excerpt":{"rendered":"<p>El Gobierno porte\u00f1o homenajear\u00e1 el pr\u00f3ximo s\u00e1bado y domingo en la Avenida de Mayo a las colectividades escocesa y calabresa, respectivamente, en un nuevo tramo del Programa Buenos Aires Celebra, que propicia el conocimiento cultural de las diferentes comunidades radicadas en la Ciudad. El s\u00e1bado, a las 12, la colectividad escocesa festejar\u00e1 \u201cEl D\u00eda del [&hellip;]<\/p>\n","protected":false},"author":2,"featured_media":15731,"comment_status":"open","ping_status":"open","sticky":false,"template":"","format":"standard","meta":{"_et_pb_use_builder":"","_et_pb_old_content":"","_et_gb_content_width":"","footnotes":""},"categories":[11,33],"tags":[],"class_list":["post-15730","post","type-post","status-publish","format-standard","has-post-thumbnail","hentry","category-ciudad","category-sociedad-y-cultura-2"],"_links":{"self":[{"href":"https:\/\/vocesdebaires.com.ar\/index.php\/wp-json\/wp\/v2\/posts\/15730"}],"collection":[{"href":"https:\/\/vocesdebaires.com.ar\/index.php\/wp-json\/wp\/v2\/posts"}],"about":[{"href":"https:\/\/vocesdebaires.com.ar\/index.php\/wp-json\/wp\/v2\/types\/post"}],"author":[{"embeddable":true,"href":"https:\/\/vocesdebaires.com.ar\/index.php\/wp-json\/wp\/v2\/users\/2"}],"replies":[{"embeddable":true,"href":"https:\/\/vocesdebaires.com.ar\/index.php\/wp-json\/wp\/v2\/comments?post=15730"}],"version-history":[{"count":0,"href":"https:\/\/vocesdebaires.com.ar\/index.php\/wp-json\/wp\/v2\/posts\/15730\/revisions"}],"wp:featuredmedia":[{"embeddable":true,"href":"https:\/\/vocesdebaires.com.ar\/index.php\/wp-json\/wp\/v2\/media\/15731"}],"wp:attachment":[{"href":"https:\/\/vocesdebaires.com.ar\/index.php\/wp-json\/wp\/v2\/media?parent=15730"}],"wp:term":[{"taxonomy":"category","embeddable":true,"href":"https:\/\/vocesdebaires.com.ar\/index.php\/wp-json\/wp\/v2\/categories?post=15730"},{"taxonomy":"post_tag","embeddable":true,"href":"https:\/\/vocesdebaires.com.ar\/index.php\/wp-json\/wp\/v2\/tags?post=15730"}],"curies":[{"name":"wp","href":"https:\/\/api.w.org\/{rel}","templated":true}]}}