{"id":15746,"date":"2013-04-12T18:33:23","date_gmt":"2013-04-12T21:33:23","guid":{"rendered":"http:\/\/vocesdebaires.com.ar\/wordpress\/index.php\/2013\/04\/12\/automovilismosera-un-dakar-espectacular\/"},"modified":"2013-04-12T18:33:23","modified_gmt":"2013-04-12T21:33:23","slug":"automovilismosera-un-dakar-espectacular","status":"publish","type":"post","link":"https:\/\/vocesdebaires.com.ar\/index.php\/2013\/04\/12\/automovilismosera-un-dakar-espectacular\/","title":{"rendered":"Automovilismo:\u201cSer\u00e1 un Dakar espectacular\u201d"},"content":{"rendered":"<p>Se present\u00f3 ayer la edici\u00f3n 2014 del rally Dakar, que comenzar\u00e1 el 5 de enero en Rosario y culminar\u00e1 el 18 de enero en Valpara\u00edso, Chile. \u201cNos complace contar por sexto a\u00f1o consecutivo con la competici\u00f3n en la Argentina. Ser\u00e1 un Dakar espectacular\u201d, recalc\u00f3 el ministro de Turismo, Enrique Meyer. Tambi\u00e9n participaron el franc\u00e9s Etienne Lavigne, director de la competencia, y Leonardo Botto, titular del Inprotur. En esta edici\u00f3n, el Dakar recorrer\u00e1 nueve provincias: Santa Fe, C\u00f3rdoba, San Luis, San Juan, La Rioja, Catamarca, Tucum\u00e1n, Salta (sede del d\u00eda de descanso) y Jujuy.<br \/>\n\u00a0<\/p>\n","protected":false},"excerpt":{"rendered":"<p>Se present\u00f3 ayer la edici\u00f3n 2014 del rally Dakar, que comenzar\u00e1 el 5 de enero en Rosario y culminar\u00e1 el 18 de enero en Valpara\u00edso, Chile. \u201cNos complace contar por sexto a\u00f1o consecutivo con la competici\u00f3n en la Argentina. Ser\u00e1 un Dakar espectacular\u201d, recalc\u00f3 el ministro de Turismo, Enrique Meyer. Tambi\u00e9n participaron el franc\u00e9s Etienne [&hellip;]<\/p>\n","protected":false},"author":2,"featured_media":15747,"comment_status":"open","ping_status":"open","sticky":false,"template":"","format":"standard","meta":{"_et_pb_use_builder":"","_et_pb_old_content":"","_et_gb_content_width":"","footnotes":""},"categories":[14,46],"tags":[],"class_list":["post-15746","post","type-post","status-publish","format-standard","has-post-thumbnail","hentry","category-deportes","category-polideportiva"],"_links":{"self":[{"href":"https:\/\/vocesdebaires.com.ar\/index.php\/wp-json\/wp\/v2\/posts\/15746"}],"collection":[{"href":"https:\/\/vocesdebaires.com.ar\/index.php\/wp-json\/wp\/v2\/posts"}],"about":[{"href":"https:\/\/vocesdebaires.com.ar\/index.php\/wp-json\/wp\/v2\/types\/post"}],"author":[{"embeddable":true,"href":"https:\/\/vocesdebaires.com.ar\/index.php\/wp-json\/wp\/v2\/users\/2"}],"replies":[{"embeddable":true,"href":"https:\/\/vocesdebaires.com.ar\/index.php\/wp-json\/wp\/v2\/comments?post=15746"}],"version-history":[{"count":0,"href":"https:\/\/vocesdebaires.com.ar\/index.php\/wp-json\/wp\/v2\/posts\/15746\/revisions"}],"wp:featuredmedia":[{"embeddable":true,"href":"https:\/\/vocesdebaires.com.ar\/index.php\/wp-json\/wp\/v2\/media\/15747"}],"wp:attachment":[{"href":"https:\/\/vocesdebaires.com.ar\/index.php\/wp-json\/wp\/v2\/media?parent=15746"}],"wp:term":[{"taxonomy":"category","embeddable":true,"href":"https:\/\/vocesdebaires.com.ar\/index.php\/wp-json\/wp\/v2\/categories?post=15746"},{"taxonomy":"post_tag","embeddable":true,"href":"https:\/\/vocesdebaires.com.ar\/index.php\/wp-json\/wp\/v2\/tags?post=15746"}],"curies":[{"name":"wp","href":"https:\/\/api.w.org\/{rel}","templated":true}]}}