{"id":15750,"date":"2013-04-12T18:48:37","date_gmt":"2013-04-12T21:48:37","guid":{"rendered":"http:\/\/vocesdebaires.com.ar\/wordpress\/index.php\/2013\/04\/12\/silva-podria-recibir-una-dura-sancion\/"},"modified":"2013-04-12T18:48:37","modified_gmt":"2013-04-12T21:48:37","slug":"silva-podria-recibir-una-dura-sancion","status":"publish","type":"post","link":"https:\/\/vocesdebaires.com.ar\/index.php\/2013\/04\/12\/silva-podria-recibir-una-dura-sancion\/","title":{"rendered":"Silva podr\u00eda recibir una dura sanci\u00f3n"},"content":{"rendered":"<p>Santiago Silva estar\u00eda a punto de recibir una dura sanci\u00f3n, a ra\u00edz del enfrentamiento a pi\u00f1as que tuvo con simpatizantes de Tigre en abril de 2012, luego de un partido en Victoria. La jueza Carranza rechaz\u00f3 el pedido de probation, por lo cual ahora debe expedirse con una suspensi\u00f3n deportiva. Tambi\u00e9n est\u00e1n en problemas Schiavi y Franco Sosa.<br \/>\n\u00a0<\/p>\n","protected":false},"excerpt":{"rendered":"<p>Santiago Silva estar\u00eda a punto de recibir una dura sanci\u00f3n, a ra\u00edz del enfrentamiento a pi\u00f1as que tuvo con simpatizantes de Tigre en abril de 2012, luego de un partido en Victoria. La jueza Carranza rechaz\u00f3 el pedido de probation, por lo cual ahora debe expedirse con una suspensi\u00f3n deportiva. Tambi\u00e9n est\u00e1n en problemas Schiavi [&hellip;]<\/p>\n","protected":false},"author":2,"featured_media":15751,"comment_status":"open","ping_status":"open","sticky":false,"template":"","format":"standard","meta":{"_et_pb_use_builder":"","_et_pb_old_content":"","_et_gb_content_width":"","footnotes":""},"categories":[39,14],"tags":[],"class_list":["post-15750","post","type-post","status-publish","format-standard","has-post-thumbnail","hentry","category-1o-division-a","category-deportes"],"_links":{"self":[{"href":"https:\/\/vocesdebaires.com.ar\/index.php\/wp-json\/wp\/v2\/posts\/15750"}],"collection":[{"href":"https:\/\/vocesdebaires.com.ar\/index.php\/wp-json\/wp\/v2\/posts"}],"about":[{"href":"https:\/\/vocesdebaires.com.ar\/index.php\/wp-json\/wp\/v2\/types\/post"}],"author":[{"embeddable":true,"href":"https:\/\/vocesdebaires.com.ar\/index.php\/wp-json\/wp\/v2\/users\/2"}],"replies":[{"embeddable":true,"href":"https:\/\/vocesdebaires.com.ar\/index.php\/wp-json\/wp\/v2\/comments?post=15750"}],"version-history":[{"count":0,"href":"https:\/\/vocesdebaires.com.ar\/index.php\/wp-json\/wp\/v2\/posts\/15750\/revisions"}],"wp:featuredmedia":[{"embeddable":true,"href":"https:\/\/vocesdebaires.com.ar\/index.php\/wp-json\/wp\/v2\/media\/15751"}],"wp:attachment":[{"href":"https:\/\/vocesdebaires.com.ar\/index.php\/wp-json\/wp\/v2\/media?parent=15750"}],"wp:term":[{"taxonomy":"category","embeddable":true,"href":"https:\/\/vocesdebaires.com.ar\/index.php\/wp-json\/wp\/v2\/categories?post=15750"},{"taxonomy":"post_tag","embeddable":true,"href":"https:\/\/vocesdebaires.com.ar\/index.php\/wp-json\/wp\/v2\/tags?post=15750"}],"curies":[{"name":"wp","href":"https:\/\/api.w.org\/{rel}","templated":true}]}}