{"id":15783,"date":"2013-04-15T15:34:26","date_gmt":"2013-04-15T18:34:26","guid":{"rendered":"http:\/\/vocesdebaires.com.ar\/wordpress\/index.php\/2013\/04\/15\/ciudadsubsidios-por-el-temporal\/"},"modified":"2013-04-15T15:34:26","modified_gmt":"2013-04-15T18:34:26","slug":"ciudadsubsidios-por-el-temporal","status":"publish","type":"post","link":"https:\/\/vocesdebaires.com.ar\/index.php\/2013\/04\/15\/ciudadsubsidios-por-el-temporal\/","title":{"rendered":"Ciudad,Subsidios por el temporal"},"content":{"rendered":"<p>A la fecha se est\u00e1n procesando 4961 tr\u00e1mites de damnificados por la tormenta del 2 de abril \u00faltimo. Pasos para solicitarlo.Para hacer frente a los da\u00f1os que provoc\u00f3 el temporal del 2 de abril \u00faltimo, la Ciudad se encuentra gestionando los pedidos de subsidios para los damnificados. A la fecha se est\u00e1n procesando 4961 tr\u00e1mites, entre particulares, comercios y veh\u00edculos.<br \/>\n \u00bfD\u00f3nde gestionar los tr\u00e1mites? En las Sedes Comunales de la Ciudad. Consult\u00e1 cu\u00e1l es la sede comunal de tu barrio en http:\/\/www.buenosaires.gob.ar\/comunas<br \/>\n Requisitos<br \/>\n Si el da\u00f1o ocurri\u00f3 en un inmueble:<br \/>\n Original y fotocopia del DNI del solicitante.<br \/>\nAcreditar la titularidad mediante escritura, un servicio a nombre o contrato de alquiler. No se requiere el pago de ABL.<br \/>\nHabilitaci\u00f3n Municipal en caso de actividades que as\u00ed la requieran o inicio del tr\u00e1mite.<br \/>\nCualquier otra prueba documental que juzguen para acreditar los requisitos establecidos en la norma.<br \/>\nSi el da\u00f1o se produjo en un bien mueble registrable, radicado en Capital Federal (automotores, etc.):<br \/>\n Original y fotocopia del DNI del solicitante.<br \/>\nAcreditar titularidad del dominio.<br \/>\nCualquier otra prueba documental que juzguen para acreditar los requisitos establecidos en la norma.<br \/>\nNo se requiere libre deuda de patente ni de multas.<br \/>\nSi el da\u00f1o se produjo en bienes muebles:<br \/>\n Original y fotocopia del DNI del solicitante.<br \/>\nCualquier otra prueba documental que juzguen para acreditar los requisitos establecidos en la norma.<br \/>\nMonto de los subsidios: se establece un tope de 28 mil pesos por todo concepto; hasta 20 mil pesos por bienes inmuebles y hasta 8 mil pesos por bienes registrables (automotores, etc.).<br \/>\n Las solicitudes podr\u00e1n ser presentadas en un plazo de 30 d\u00edas h\u00e1biles desde la publicaci\u00f3n de la ley. Los cheques para los damnificados se retirar\u00e1n en las sedes comunales (ex CGP).<br \/>\n Exenci\u00f3n de ABL<br \/>\n Se otorgar\u00e1 a los beneficiarios del subsidio por inundaci\u00f3n seis meses de exenci\u00f3n del ABL. La exenci\u00f3n es en forma autom\u00e1tica una vez que se les otorga el subsidio. Los subsidios que otorga la Ciudad no son incompatibles con los que entreguen otros organismos nacionales. La Sede comunal 13, ubicada en Av. Cabildo 3067, funcionar\u00e1 de 8 a 24 h para la gesti\u00f3n del tr\u00e1mite durante los d\u00edas jueves 11, viernes 12, lunes 15, martes 16 y mi\u00e9rcoles 17 de abril.<br \/>\n M\u00e1s informaci\u00f3n:<br \/>\n Ingres\u00e1 a www.buenosaires.gob.ar\/subsidios<br \/>\n\u00a0<br \/>\n\u00a0<br \/>\n\u00a0<br \/>\n\u00a0<br \/>\n\u00a0<br \/>\n\u00a0<br \/>\n\u00a0<br \/>\n\u00a0<br \/>\n\u00a0<br \/>\n\u00a0<br \/>\n\u00a0<br \/>\n\u00a0<br \/>\n\u00a0<br \/>\n\u00a0<br \/>\n\u00a0<br \/>\n\u00a0<br \/>\n\u00a0<\/p>\n","protected":false},"excerpt":{"rendered":"<p>A la fecha se est\u00e1n procesando 4961 tr\u00e1mites de damnificados por la tormenta del 2 de abril \u00faltimo. Pasos para solicitarlo.Para hacer frente a los da\u00f1os que provoc\u00f3 el temporal del 2 de abril \u00faltimo, la Ciudad se encuentra gestionando los pedidos de subsidios para los damnificados. A la fecha se est\u00e1n procesando 4961 tr\u00e1mites, [&hellip;]<\/p>\n","protected":false},"author":2,"featured_media":15784,"comment_status":"open","ping_status":"open","sticky":false,"template":"","format":"standard","meta":{"_et_pb_use_builder":"","_et_pb_old_content":"","_et_gb_content_width":"","footnotes":""},"categories":[11,33],"tags":[],"class_list":["post-15783","post","type-post","status-publish","format-standard","has-post-thumbnail","hentry","category-ciudad","category-sociedad-y-cultura-2"],"_links":{"self":[{"href":"https:\/\/vocesdebaires.com.ar\/index.php\/wp-json\/wp\/v2\/posts\/15783"}],"collection":[{"href":"https:\/\/vocesdebaires.com.ar\/index.php\/wp-json\/wp\/v2\/posts"}],"about":[{"href":"https:\/\/vocesdebaires.com.ar\/index.php\/wp-json\/wp\/v2\/types\/post"}],"author":[{"embeddable":true,"href":"https:\/\/vocesdebaires.com.ar\/index.php\/wp-json\/wp\/v2\/users\/2"}],"replies":[{"embeddable":true,"href":"https:\/\/vocesdebaires.com.ar\/index.php\/wp-json\/wp\/v2\/comments?post=15783"}],"version-history":[{"count":0,"href":"https:\/\/vocesdebaires.com.ar\/index.php\/wp-json\/wp\/v2\/posts\/15783\/revisions"}],"wp:featuredmedia":[{"embeddable":true,"href":"https:\/\/vocesdebaires.com.ar\/index.php\/wp-json\/wp\/v2\/media\/15784"}],"wp:attachment":[{"href":"https:\/\/vocesdebaires.com.ar\/index.php\/wp-json\/wp\/v2\/media?parent=15783"}],"wp:term":[{"taxonomy":"category","embeddable":true,"href":"https:\/\/vocesdebaires.com.ar\/index.php\/wp-json\/wp\/v2\/categories?post=15783"},{"taxonomy":"post_tag","embeddable":true,"href":"https:\/\/vocesdebaires.com.ar\/index.php\/wp-json\/wp\/v2\/tags?post=15783"}],"curies":[{"name":"wp","href":"https:\/\/api.w.org\/{rel}","templated":true}]}}