{"id":15792,"date":"2013-04-16T12:54:46","date_gmt":"2013-04-16T15:54:46","guid":{"rendered":"http:\/\/vocesdebaires.com.ar\/wordpress\/index.php\/2013\/04\/16\/ciudadmacri-impartio-instrucciones-para-convocar-a-elecciones-legislativas\/"},"modified":"2013-04-16T12:54:46","modified_gmt":"2013-04-16T15:54:46","slug":"ciudadmacri-impartio-instrucciones-para-convocar-a-elecciones-legislativas","status":"publish","type":"post","link":"https:\/\/vocesdebaires.com.ar\/index.php\/2013\/04\/16\/ciudadmacri-impartio-instrucciones-para-convocar-a-elecciones-legislativas\/","title":{"rendered":"Ciudad:Macri imparti\u00f3 instrucciones para convocar a elecciones legislativas"},"content":{"rendered":"<p>El jefe de Gobierno porte\u00f1o, Mauricio Macri, instruy\u00f3 hoy al ministro de Seguridad y Justicia, Guillermo Montenegro, \u00a0para que redacte \u00a0el decreto por el cual la Ciudad de Buenos Aires adhiere al calendario electoral nacional fijando la fecha de los comicios \u00a0legislativos del distrito el pr\u00f3ximo 27 de octubre. Consecuentemente, en esa fecha la ciudadan\u00eda porte\u00f1a concurrir\u00e1 a las urnas para definir con su voto la nueva composici\u00f3n de la Legislatura de la Ciudad y \u00a0para elegir tambi\u00e9n a los candidatos aspirantes a diputados y a senadores nacionales.<br \/>\n\u00a0<\/p>\n","protected":false},"excerpt":{"rendered":"<p>El jefe de Gobierno porte\u00f1o, Mauricio Macri, instruy\u00f3 hoy al ministro de Seguridad y Justicia, Guillermo Montenegro, \u00a0para que redacte \u00a0el decreto por el cual la Ciudad de Buenos Aires adhiere al calendario electoral nacional fijando la fecha de los comicios \u00a0legislativos del distrito el pr\u00f3ximo 27 de octubre. Consecuentemente, en esa fecha la ciudadan\u00eda [&hellip;]<\/p>\n","protected":false},"author":2,"featured_media":15793,"comment_status":"open","ping_status":"open","sticky":false,"template":"","format":"standard","meta":{"_et_pb_use_builder":"","_et_pb_old_content":"","_et_gb_content_width":"","footnotes":""},"categories":[11,44],"tags":[],"class_list":["post-15792","post","type-post","status-publish","format-standard","has-post-thumbnail","hentry","category-ciudad","category-funcionarios-de-la-caba"],"_links":{"self":[{"href":"https:\/\/vocesdebaires.com.ar\/index.php\/wp-json\/wp\/v2\/posts\/15792"}],"collection":[{"href":"https:\/\/vocesdebaires.com.ar\/index.php\/wp-json\/wp\/v2\/posts"}],"about":[{"href":"https:\/\/vocesdebaires.com.ar\/index.php\/wp-json\/wp\/v2\/types\/post"}],"author":[{"embeddable":true,"href":"https:\/\/vocesdebaires.com.ar\/index.php\/wp-json\/wp\/v2\/users\/2"}],"replies":[{"embeddable":true,"href":"https:\/\/vocesdebaires.com.ar\/index.php\/wp-json\/wp\/v2\/comments?post=15792"}],"version-history":[{"count":0,"href":"https:\/\/vocesdebaires.com.ar\/index.php\/wp-json\/wp\/v2\/posts\/15792\/revisions"}],"wp:featuredmedia":[{"embeddable":true,"href":"https:\/\/vocesdebaires.com.ar\/index.php\/wp-json\/wp\/v2\/media\/15793"}],"wp:attachment":[{"href":"https:\/\/vocesdebaires.com.ar\/index.php\/wp-json\/wp\/v2\/media?parent=15792"}],"wp:term":[{"taxonomy":"category","embeddable":true,"href":"https:\/\/vocesdebaires.com.ar\/index.php\/wp-json\/wp\/v2\/categories?post=15792"},{"taxonomy":"post_tag","embeddable":true,"href":"https:\/\/vocesdebaires.com.ar\/index.php\/wp-json\/wp\/v2\/tags?post=15792"}],"curies":[{"name":"wp","href":"https:\/\/api.w.org\/{rel}","templated":true}]}}