{"id":1580,"date":"2020-07-30T03:35:44","date_gmt":"2020-07-30T06:35:44","guid":{"rendered":"http:\/\/vocesdebaires.com.ar\/wordpress\/index.php\/2020\/07\/30\/operativo-frio-boca-y-river-unidos-a-la-ciudad\/"},"modified":"2020-07-30T03:35:44","modified_gmt":"2020-07-30T06:35:44","slug":"operativo-frio-boca-y-river-unidos-a-la-ciudad","status":"publish","type":"post","link":"https:\/\/vocesdebaires.com.ar\/index.php\/2020\/07\/30\/operativo-frio-boca-y-river-unidos-a-la-ciudad\/","title":{"rendered":"Operativo Fr\u00edo: Boca y River, unidos a la Ciudad"},"content":{"rendered":"<p>Ayer por la tarde, con el objetivo de dialogar sobre el abordaje que viene desarrollando el Ministerio de Desarrollo Humano y H\u00e1bitat de la Ciudad sobre las personas en situaci\u00f3n de calle, la ministra Mar\u00eda Migliore se reuni\u00f3 de manera virtual con el presidente del Club Atl\u00e9tico River Plate, Rodolfo D&#8217;onofrio, con el presidente del Club Atl\u00e9tico Boca Juniors, Jorge Amor Ameal, y con el titular de Red Solidaria, Juan Carr.\u00a0El Ministerio impulsa pol\u00edticas p\u00fablicas trabajando de manera articulada con referentes barriales, organizaciones sociales, la iglesia y diferentes sectores de la sociedad civil para encontrar de manera conjunta soluciones que impacten en el largo plazo, especialmente en los barrios populares. Ejemplo de ello es que en marzo de este a\u00f1o se trabaj\u00f3\u00a0 con diferentes clubes de f\u00fatbol la visibilizar\u00edan de la l\u00ednea 144 sobre prevenci\u00f3n de la violencia por motivos de g\u00e9nero.<\/p>\n<p>\u201cEste contexto puso de relieve que tenemos que estar m\u00e1s unidos que nunca y trabajar en conjunto. La pandemia nos mostr\u00f3 que cuando hay cosas tan urgentes, no podemos darnos el lujo de no estar juntos. Hoy vemos c\u00f3mo a trav\u00e9s del Estado, podemos articular y trabajar con los clubes de f\u00fatbol y la Red Solidaria en un objetivo en com\u00fan: acercar las herramientas del Estado a todos aquellos que est\u00e1n en situaci\u00f3n de calle. Es muy reconfortante ver c\u00f3mo podemos trabajar de esta manera, poni\u00e9ndonos de acuerdo, todos a disposici\u00f3n para dar soluciones de fondo a problemas estructurales\u201d sostuvo la ministra Migliore.<\/p>\n<p>Por su parte, el presidente de River, Rodolfo D&#8217;Onofrio asegur\u00f3: \u201cLo bueno de este encuentro, de juntarnos Boca y River, es que se puede vivir sin grietas. Podemos ser rivales pero en estas cosas tenemos que estar todos juntos. Esta es la potencia que logramos con el encuentro y siempre vamos a estar a disposici\u00f3n para trabajar en pos de estas causas.\u201dEn el mismo sentido, el presidente de Boca Juniors, Jorge Amor Ameal destac\u00f3: \u201cEstamos felices de poder participar en este encuentro y ser parte de esta iniciativa, trabajar junto a D\u2019onofrio y River muestra que no tenemos que tener m\u00e1s divisiones por fuera de la cancha. Este contexto nos trae grandes desaf\u00edos y es una obligaci\u00f3n nuestra, como dirigentes que somos, que tambi\u00e9n formemos parte de la soluci\u00f3n.\u201d<\/p>\n<p>En el encuentro la Ministra desarroll\u00f3 de manera detallada el plan extraordinario impulsado a partir del 20 de marzo, que consisti\u00f3 en el fortalecimiento de la atenci\u00f3n de la L\u00ednea 108, en la apertura de nuevos Centros de Inclusi\u00f3n Social para ampliar la capacidad de recepci\u00f3n de personas, en la implementaci\u00f3n de medidas adicionales de prevenci\u00f3n para realizar el Operativo Fr\u00edo, y en el impulso de un abordaje integral dentro de los Centros de Inclusi\u00f3n. En este marco, la ministra Migliore, junto al jefe de gabinete de la Ciudad, Felipe Miguel,\u00a0 participar\u00e1n del Operativo Fr\u00edo con autoridades de ambos clubes, sus Fundaciones Sociales y Red Solidaria.<\/p>\n<p>En l\u00ednea con esto, Felipe Miguel subray\u00f3: \u00abEn la Ciudad tenemos el BAP que est\u00e1 presente todo el a\u00f1o para acompa\u00f1ar a las personas en situaci\u00f3n de calle. Y, en un contexto de pandemia, estamos redoblando esfuerzos para que cada persona est\u00e9 resguardada y tenga un plato caliente y una cama donde dormir. Hoy estamos trabajando juntos con la Red Solidaria, con los clubes Boca, River y sus fundaciones, unidos para estar cerca de los que m\u00e1s lo necesitan. Este es un ejemplo m\u00e1s de que las rivalidades quedan en la cancha, pero hoy somos todos un mismo equipo.\u00bb Finalmente, el titular de Red Solidaria, Juan Carr agreg\u00f3: \u201cEs realmente fant\u00e1stico que podamos reunirnos y juntarnos. Sabemos lo importante que es el futbol en nuestra cultura y en nuestra historia. Poder trabajar todos juntos, de manera articulada por el Estado, nos permite aprovechar la potencia de cada uno de nosotros para lograr impactos reales en la sociedad\u201d.<\/p>\n","protected":false},"excerpt":{"rendered":"<p>Ayer por la tarde, con el objetivo de dialogar sobre el abordaje que viene desarrollando el Ministerio de Desarrollo Humano y H\u00e1bitat de la Ciudad sobre las personas en situaci\u00f3n de calle, la ministra Mar\u00eda Migliore se reuni\u00f3 de manera virtual con el presidente del Club Atl\u00e9tico River Plate, Rodolfo D&#8217;onofrio, con el presidente del [&hellip;]<\/p>\n","protected":false},"author":1,"featured_media":1581,"comment_status":"open","ping_status":"open","sticky":false,"template":"","format":"standard","meta":{"_et_pb_use_builder":"","_et_pb_old_content":"","_et_gb_content_width":"","footnotes":""},"categories":[11,33],"tags":[],"class_list":["post-1580","post","type-post","status-publish","format-standard","has-post-thumbnail","hentry","category-ciudad","category-sociedad-y-cultura-2"],"_links":{"self":[{"href":"https:\/\/vocesdebaires.com.ar\/index.php\/wp-json\/wp\/v2\/posts\/1580"}],"collection":[{"href":"https:\/\/vocesdebaires.com.ar\/index.php\/wp-json\/wp\/v2\/posts"}],"about":[{"href":"https:\/\/vocesdebaires.com.ar\/index.php\/wp-json\/wp\/v2\/types\/post"}],"author":[{"embeddable":true,"href":"https:\/\/vocesdebaires.com.ar\/index.php\/wp-json\/wp\/v2\/users\/1"}],"replies":[{"embeddable":true,"href":"https:\/\/vocesdebaires.com.ar\/index.php\/wp-json\/wp\/v2\/comments?post=1580"}],"version-history":[{"count":0,"href":"https:\/\/vocesdebaires.com.ar\/index.php\/wp-json\/wp\/v2\/posts\/1580\/revisions"}],"wp:featuredmedia":[{"embeddable":true,"href":"https:\/\/vocesdebaires.com.ar\/index.php\/wp-json\/wp\/v2\/media\/1581"}],"wp:attachment":[{"href":"https:\/\/vocesdebaires.com.ar\/index.php\/wp-json\/wp\/v2\/media?parent=1580"}],"wp:term":[{"taxonomy":"category","embeddable":true,"href":"https:\/\/vocesdebaires.com.ar\/index.php\/wp-json\/wp\/v2\/categories?post=1580"},{"taxonomy":"post_tag","embeddable":true,"href":"https:\/\/vocesdebaires.com.ar\/index.php\/wp-json\/wp\/v2\/tags?post=1580"}],"curies":[{"name":"wp","href":"https:\/\/api.w.org\/{rel}","templated":true}]}}