{"id":15805,"date":"2013-04-16T14:03:15","date_gmt":"2013-04-16T17:03:15","guid":{"rendered":"http:\/\/vocesdebaires.com.ar\/wordpress\/index.php\/2013\/04\/16\/reclamo-socialla-dra-maria-america-gonzalez-se-adhiere\/"},"modified":"2013-04-16T14:03:15","modified_gmt":"2013-04-16T17:03:15","slug":"reclamo-socialla-dra-maria-america-gonzalez-se-adhiere","status":"publish","type":"post","link":"https:\/\/vocesdebaires.com.ar\/index.php\/2013\/04\/16\/reclamo-socialla-dra-maria-america-gonzalez-se-adhiere\/","title":{"rendered":"Reclamo social:La Dra. Maria Am\u00e9rica Gonz\u00e0lez se adhiere"},"content":{"rendered":"<p>La legisladora porte\u00f1a, Dra. Mar\u00eda Am\u00e9rica Gonz\u00e1lez (BUENOS AIRES PARA TODOS \u2013 FAP), expres\u00f3 su adhesi\u00f3n absoluta al documento presentado en la convocatoria realizada por varias organizaciones intermedias de la sociedad, con relaci\u00f3n a las recientes inundaciones en Buenos Aires y La Plata, y que fue presentado \u00a0en la tarde del lunes 8 de abril, durante la conferencia de prensa realizada en la sede de la Central de Trabajadores Argentinos.<br \/>\n La Dra. Gonz\u00e1lez refiri\u00f3, sobre el particular reclamo de las organizaciones, el incumplimiento de pago de subsidios anunciados en el a\u00f1o 2010, lo que origin\u00f3, por parte de ella y su equipo legal, la presentaci\u00f3n de 40 amparos individuales y un posterior recurso colectivo -junto a las ONGs DEUCO y Uni\u00f3n Usuarios y Consumidores- para que se declare la nulidad absoluta e inconstitucionalidad de las normas del Decreto Reglamentario (D.664\/2010) que establec\u00edan restricciones y exclusiones al otorgamiento de los subsidios no previstas en la ley reglamentada N\u00ba 1575, modificada en el a\u00f1o 2010 a instancias de la legisladora de Buenos Aires para Todos.<br \/>\n La Dra. Mar\u00eda Am\u00e9rica Gonz\u00e1lez hizo suyas las palabras expuestas en el comunicado de las organizaciones y se\u00f1al\u00f3 enf\u00e1ticamente que pondr\u00e1 a disposici\u00f3n, para el logro de los objetivos enunciados, toda la inserci\u00f3n institucional de su tarea legislativa, para trabajar coordinadamente, exigir el funcionamiento a pleno de esos \u00e1mbitos y el tratamiento urgente de las iniciativas tendientes a dar soluci\u00f3n a esta emergencia y a abordar los temas de fondo. En tal sentido, la Dra. Gonz\u00e1lez present\u00f3 un proyecto de ley que incorpora una nueva modificaci\u00f3n a la referida N\u00ba 1575, proponiendo que &quot;la reparaci\u00f3n del da\u00f1o consistir\u00e1 en una suma de dinero que permita indemnizar integralmente los da\u00f1os ocasionados en dichos bienes&quot;. Seg\u00fan lo fundamenta el proyecto, es esencial reemplazar la palabra &quot;paliar&quot; por la frase &quot;indemnizar integralmente&quot;, de forma tal que los afectados logren un adecuado resarcimiento del da\u00f1o recibido.<br \/>\n\u00a0<\/p>\n","protected":false},"excerpt":{"rendered":"<p>La legisladora porte\u00f1a, Dra. Mar\u00eda Am\u00e9rica Gonz\u00e1lez (BUENOS AIRES PARA TODOS \u2013 FAP), expres\u00f3 su adhesi\u00f3n absoluta al documento presentado en la convocatoria realizada por varias organizaciones intermedias de la sociedad, con relaci\u00f3n a las recientes inundaciones en Buenos Aires y La Plata, y que fue presentado \u00a0en la tarde del lunes 8 de abril, [&hellip;]<\/p>\n","protected":false},"author":2,"featured_media":15806,"comment_status":"open","ping_status":"open","sticky":false,"template":"","format":"standard","meta":{"_et_pb_use_builder":"","_et_pb_old_content":"","_et_gb_content_width":"","footnotes":""},"categories":[11,44],"tags":[],"class_list":["post-15805","post","type-post","status-publish","format-standard","has-post-thumbnail","hentry","category-ciudad","category-funcionarios-de-la-caba"],"_links":{"self":[{"href":"https:\/\/vocesdebaires.com.ar\/index.php\/wp-json\/wp\/v2\/posts\/15805"}],"collection":[{"href":"https:\/\/vocesdebaires.com.ar\/index.php\/wp-json\/wp\/v2\/posts"}],"about":[{"href":"https:\/\/vocesdebaires.com.ar\/index.php\/wp-json\/wp\/v2\/types\/post"}],"author":[{"embeddable":true,"href":"https:\/\/vocesdebaires.com.ar\/index.php\/wp-json\/wp\/v2\/users\/2"}],"replies":[{"embeddable":true,"href":"https:\/\/vocesdebaires.com.ar\/index.php\/wp-json\/wp\/v2\/comments?post=15805"}],"version-history":[{"count":0,"href":"https:\/\/vocesdebaires.com.ar\/index.php\/wp-json\/wp\/v2\/posts\/15805\/revisions"}],"wp:featuredmedia":[{"embeddable":true,"href":"https:\/\/vocesdebaires.com.ar\/index.php\/wp-json\/wp\/v2\/media\/15806"}],"wp:attachment":[{"href":"https:\/\/vocesdebaires.com.ar\/index.php\/wp-json\/wp\/v2\/media?parent=15805"}],"wp:term":[{"taxonomy":"category","embeddable":true,"href":"https:\/\/vocesdebaires.com.ar\/index.php\/wp-json\/wp\/v2\/categories?post=15805"},{"taxonomy":"post_tag","embeddable":true,"href":"https:\/\/vocesdebaires.com.ar\/index.php\/wp-json\/wp\/v2\/tags?post=15805"}],"curies":[{"name":"wp","href":"https:\/\/api.w.org\/{rel}","templated":true}]}}