{"id":15815,"date":"2013-04-17T20:42:41","date_gmt":"2013-04-17T23:42:41","guid":{"rendered":"http:\/\/vocesdebaires.com.ar\/wordpress\/index.php\/2013\/04\/17\/audiencia-publica-proyecto-para-un-predio\/"},"modified":"2013-04-17T20:42:41","modified_gmt":"2013-04-17T23:42:41","slug":"audiencia-publica-proyecto-para-un-predio","status":"publish","type":"post","link":"https:\/\/vocesdebaires.com.ar\/index.php\/2013\/04\/17\/audiencia-publica-proyecto-para-un-predio\/","title":{"rendered":"Audiencia P\u00fablica: Proyecto para un predio"},"content":{"rendered":"<p>Se debati\u00f3 este mediod\u00eda en el Sal\u00f3n San Mart\u00edn de la Legislatura de la Ciudad de Buenos Aires con relaci\u00f3n a la ley que pretende cederle al Sindicato de Trabajadores Juegos de Azar, Entretenimiento, Esparcimiento, Recreaci\u00f3n y Afines de la Rep\u00fablica Argentina (ALEARA) un predio ubicado bajo la autopista 9 de Julio Sur. El autor del proyecto de ley es el Diputado Fernando de Andreis (PRO).<br \/>\nLa Audiencia P\u00fablica en la que se trat\u00f3 el proyecto para conceder al ALEARA el uso gratuito por el t\u00e9rmino de 20 a\u00f1os del predio sito bajo el trazado de la Autopista 9 de Julio Sur (AU-9), entre las calles Su\u00e1rez y Ar\u00e1oz de Lamadrid del barrio porte\u00f1o de Barracas, se llev\u00f3 a cabo este mediod\u00eda en el Sal\u00f3n San Martin, ubicado en el piso principal del Palacio Legislativo. Daniel Amoroso (BUF), Mar\u00eda Elena Naddeo (FPP), Mart\u00edn Ocampo, Alejandro Garc\u00eda, Oscar Zago y Bruno Screnci Silva (PRO) fueron los Diputados presentes en la mesa principal.<br \/>\nEl expediente que tramita en la Comisi\u00f3n de Presupuesto argumenta que, con el objetivo de canalizar la necesidad de generar en la sociedad espacios en los que se priorice la formaci\u00f3n y capacitaci\u00f3n permanente de los trabajadores y se constituyan en \u00e1mbitos de contenci\u00f3n social, se propone otorgar el uso gratuito del inmueble ubicado bajo el trazado de la Autopista 9 de Julio Sur al ALEARA con el exclusivo prop\u00f3sito de emplazar un Centro de Formaci\u00f3n Profesional.<br \/>\nEl Secretario General del Sindicato ALEARA, Mariano Zeiss, aleg\u00f3 que la entrega del predio para el accionar del Sindicato &quot;ser\u00eda muy importante porque permitir\u00eda seguir formando y educando a las personas que no tienen los estudios escolares terminados, y as\u00ed recibir herramientas para poder conseguir trabajo&quot;. Adem\u00e1s, sostuvo que no s\u00f3lo podr\u00eda ser utilizado por afiliados, sino que ser\u00eda de uso comunitario, para todo el que quiera ser capacitado y tener un lugar de esparcimiento.<br \/>\nPese a que hab\u00eda 77 inscriptos para expresarse s\u00f3lo hablaron 12 , en su mayor\u00eda pertenecientes al ALEARA. Uno de ellos asegur\u00f3 que necesitan el lugar &quot;para que la comunidad lo pueda usar, desde los discapacitados hasta los j\u00f3venes y adultos, pero m\u00e1s que nada para sacar a los chicos de la calle y alejarlos de sus peligros&quot;. Otra voz sum\u00f3 que el espacio les servir\u00eda para &quot;trabajar y socializar, adem\u00e1s de apostar por sacar adelante a los sectores m\u00e1s vulnerables&quot;.<br \/>\nPor otro lado, dos vecinas del barrio de Barracas, donde se encuentra el predio, expusieron que nadie los particip\u00f3 del proyecto y se hizo sin consenso de los que viven en los alrededores. &quot;Buscamos que el lugar sea usado como espacio de esparcimiento para la comunidad y que la zona progrese, ya que hay inseguridad y falta de luz&quot;, afirm\u00f3 una de las expositoras al declararse en contra del proyecto.<br \/>\nIm\u00e1genes:<br \/>\n\u00a0<\/p>\n","protected":false},"excerpt":{"rendered":"<p>Se debati\u00f3 este mediod\u00eda en el Sal\u00f3n San Mart\u00edn de la Legislatura de la Ciudad de Buenos Aires con relaci\u00f3n a la ley que pretende cederle al Sindicato de Trabajadores Juegos de Azar, Entretenimiento, Esparcimiento, Recreaci\u00f3n y Afines de la Rep\u00fablica Argentina (ALEARA) un predio ubicado bajo la autopista 9 de Julio Sur. El autor [&hellip;]<\/p>\n","protected":false},"author":2,"featured_media":15816,"comment_status":"open","ping_status":"open","sticky":false,"template":"","format":"standard","meta":{"_et_pb_use_builder":"","_et_pb_old_content":"","_et_gb_content_width":"","footnotes":""},"categories":[11,44],"tags":[],"class_list":["post-15815","post","type-post","status-publish","format-standard","has-post-thumbnail","hentry","category-ciudad","category-funcionarios-de-la-caba"],"_links":{"self":[{"href":"https:\/\/vocesdebaires.com.ar\/index.php\/wp-json\/wp\/v2\/posts\/15815"}],"collection":[{"href":"https:\/\/vocesdebaires.com.ar\/index.php\/wp-json\/wp\/v2\/posts"}],"about":[{"href":"https:\/\/vocesdebaires.com.ar\/index.php\/wp-json\/wp\/v2\/types\/post"}],"author":[{"embeddable":true,"href":"https:\/\/vocesdebaires.com.ar\/index.php\/wp-json\/wp\/v2\/users\/2"}],"replies":[{"embeddable":true,"href":"https:\/\/vocesdebaires.com.ar\/index.php\/wp-json\/wp\/v2\/comments?post=15815"}],"version-history":[{"count":0,"href":"https:\/\/vocesdebaires.com.ar\/index.php\/wp-json\/wp\/v2\/posts\/15815\/revisions"}],"wp:featuredmedia":[{"embeddable":true,"href":"https:\/\/vocesdebaires.com.ar\/index.php\/wp-json\/wp\/v2\/media\/15816"}],"wp:attachment":[{"href":"https:\/\/vocesdebaires.com.ar\/index.php\/wp-json\/wp\/v2\/media?parent=15815"}],"wp:term":[{"taxonomy":"category","embeddable":true,"href":"https:\/\/vocesdebaires.com.ar\/index.php\/wp-json\/wp\/v2\/categories?post=15815"},{"taxonomy":"post_tag","embeddable":true,"href":"https:\/\/vocesdebaires.com.ar\/index.php\/wp-json\/wp\/v2\/tags?post=15815"}],"curies":[{"name":"wp","href":"https:\/\/api.w.org\/{rel}","templated":true}]}}