{"id":15828,"date":"2013-04-18T13:43:42","date_gmt":"2013-04-18T16:43:42","guid":{"rendered":"http:\/\/vocesdebaires.com.ar\/wordpress\/index.php\/2013\/04\/18\/bajo-la-consigna-marcha-nacional-18-a\/"},"modified":"2013-04-18T13:43:42","modified_gmt":"2013-04-18T16:43:42","slug":"bajo-la-consigna-marcha-nacional-18-a","status":"publish","type":"post","link":"https:\/\/vocesdebaires.com.ar\/index.php\/2013\/04\/18\/bajo-la-consigna-marcha-nacional-18-a\/","title":{"rendered":"Bajo la consigna &quot;marcha nacional # 18 A&quot;"},"content":{"rendered":"<p>Bajo la consigna \u201cMarcha Nacional #18A. Hagamos ruido. \u00a1Digamos Basta!\u201d, la p\u00e1gina web Argentinos Indignados es una de las principales promotoras de la manifestaci\u00f3n, que contar\u00e1 con el apoyo y convocatoria con numerosos actores de la pol\u00edtica como Elisa Carri\u00f3 (Coalici\u00f3n C\u00edvica), Patricia Bullrich (Uni\u00f3n por Todos), Eduardo Amadeo (Frente Peronista) y Pino Solanas (Proyecto Sur). Inclusive, Mauricio Macri sali\u00f3 abiertamente a convocar a la gente al cacerolazo: \u201cJuntos podemos cambiar esta historia. Pero para eso necesitamos que nadie se quede callado\u201d, areng\u00f3 el jefe de Gobierno porte\u00f1o. En un mensaje que subi\u00f3 a su cuenta de Facebook, el l\u00edder del PRO sostuvo que la Casa Rosada \u201cahora va por una reforma que pretende llevarse puestas las reglas de juego\u201d y llam\u00f3 a no ser indiferentes \u201csi queremos evitar que esto ocurra\u201d.<br \/>\n A estos nombres, hoy tambi\u00e9n se sumar\u00e1 a la movilizaci\u00f3n un grupo de personalidades de la cultura e intelectuales de distintos \u00e1mbitos. \u201cEl Poder Judicial es la \u00faltima instancia que tiene cualquier persona para defenderse frente a los atropellos del Estado y de los poderosos. Creemos que esta reforma busca jaquear nuestras garant\u00edas y derechos constitucionales, sin reparos ni escr\u00fapulos\u201d, expresa el documento firmado por Juan Jos\u00e9 Sebreli, Beatriz Sarlo, Marcos Novaro y Luis Alberto Romero, entre otros.<br \/>\n Pero el rechazo a la reforma que impulsa el kirchnerismo, tambi\u00e9n unir\u00e1 en el reclamo a figuras pol\u00edticas enfrentadas con la Casa Rosada. Este es el caso del camionero Hugo Moyano, quien ayer confirm\u00f3 que su central obrera participar\u00e1 de la marcha a la Plaza. \u201cLa CGT va a acompa\u00f1ar, los gremios han decidido acompa\u00f1ar como lo hicimos la \u00faltima vez porque la convocatoria fue individual\u201d, asegur\u00f3 Moyano en referencia a la convocatoria realizada por los referentes de los partidos pol\u00edticos opositores y los caceroleros. Asimismo, el titular de la Uni\u00f3n de Trabajadores Rurales (Uatre), Ger\u00f3nimo \u201cMomo\u201d Venegas, ratific\u00f3 ayer que participar\u00e1 de la marcha y lanz\u00f3: \u201cDespu\u00e9s del 18A va a haber otro escenario completamente distinto\u201d. La convocatoria al cacerolazo -denominado 18A- se inici\u00f3 el pasado 1\u00b0 de marzo, apenas finaliz\u00f3 el discurso de la presidenta Cristina Kirchner en la apertura del a\u00f1o legislativo. Las concentraciones comenzar\u00e1 a las 18 y se prev\u00e9 que dos horas m\u00e1s tarde la Plaza de Mayo y el Obelisco est\u00e9n colmados.<br \/>\n\u00a0<\/p>\n","protected":false},"excerpt":{"rendered":"<p>Bajo la consigna \u201cMarcha Nacional #18A. Hagamos ruido. \u00a1Digamos Basta!\u201d, la p\u00e1gina web Argentinos Indignados es una de las principales promotoras de la manifestaci\u00f3n, que contar\u00e1 con el apoyo y convocatoria con numerosos actores de la pol\u00edtica como Elisa Carri\u00f3 (Coalici\u00f3n C\u00edvica), Patricia Bullrich (Uni\u00f3n por Todos), Eduardo Amadeo (Frente Peronista) y Pino Solanas (Proyecto [&hellip;]<\/p>\n","protected":false},"author":2,"featured_media":15829,"comment_status":"open","ping_status":"open","sticky":false,"template":"","format":"standard","meta":{"_et_pb_use_builder":"","_et_pb_old_content":"","_et_gb_content_width":"","footnotes":""},"categories":[11,33],"tags":[],"class_list":["post-15828","post","type-post","status-publish","format-standard","has-post-thumbnail","hentry","category-ciudad","category-sociedad-y-cultura-2"],"_links":{"self":[{"href":"https:\/\/vocesdebaires.com.ar\/index.php\/wp-json\/wp\/v2\/posts\/15828"}],"collection":[{"href":"https:\/\/vocesdebaires.com.ar\/index.php\/wp-json\/wp\/v2\/posts"}],"about":[{"href":"https:\/\/vocesdebaires.com.ar\/index.php\/wp-json\/wp\/v2\/types\/post"}],"author":[{"embeddable":true,"href":"https:\/\/vocesdebaires.com.ar\/index.php\/wp-json\/wp\/v2\/users\/2"}],"replies":[{"embeddable":true,"href":"https:\/\/vocesdebaires.com.ar\/index.php\/wp-json\/wp\/v2\/comments?post=15828"}],"version-history":[{"count":0,"href":"https:\/\/vocesdebaires.com.ar\/index.php\/wp-json\/wp\/v2\/posts\/15828\/revisions"}],"wp:featuredmedia":[{"embeddable":true,"href":"https:\/\/vocesdebaires.com.ar\/index.php\/wp-json\/wp\/v2\/media\/15829"}],"wp:attachment":[{"href":"https:\/\/vocesdebaires.com.ar\/index.php\/wp-json\/wp\/v2\/media?parent=15828"}],"wp:term":[{"taxonomy":"category","embeddable":true,"href":"https:\/\/vocesdebaires.com.ar\/index.php\/wp-json\/wp\/v2\/categories?post=15828"},{"taxonomy":"post_tag","embeddable":true,"href":"https:\/\/vocesdebaires.com.ar\/index.php\/wp-json\/wp\/v2\/tags?post=15828"}],"curies":[{"name":"wp","href":"https:\/\/api.w.org\/{rel}","templated":true}]}}