{"id":1584,"date":"2020-07-30T03:26:48","date_gmt":"2020-07-30T06:26:48","guid":{"rendered":"http:\/\/vocesdebaires.com.ar\/wordpress\/index.php\/2020\/07\/30\/ciudad-tapiaron-cuatro-bunkers-de-droga\/"},"modified":"2020-07-30T03:26:48","modified_gmt":"2020-07-30T06:26:48","slug":"ciudad-tapiaron-cuatro-bunkers-de-droga","status":"publish","type":"post","link":"https:\/\/vocesdebaires.com.ar\/index.php\/2020\/07\/30\/ciudad-tapiaron-cuatro-bunkers-de-droga\/","title":{"rendered":"Ciudad tapiaron cuatro bunkers de droga"},"content":{"rendered":"<p>Los procedimientos fueron encabezados por efectivos de la Divisi\u00f3n Operaciones Norte 7 en cuatro bunkers que fueron desarticulados en las \u00faltimas semanas y que estaban vinculados con la banda de los \u201cSampedranos\u201d, una asociaci\u00f3n il\u00edcita que ten\u00eda como principal base de operaciones el Barrio 31 y que ya hab\u00eda sido desbaratada en otras oportunidades.Los trabajos de obstrucci\u00f3n en puertas y ventanas se llevaron adelante dos el fin de semana, uno ayer y el restante este martes, con intervenci\u00f3n de la Secretar\u00eda de Integraci\u00f3n Urbana del Gobierno de la Ciudad de Buenos Aires, en una zona que es estrat\u00e9gica en el Barrio 31 Bis ya que est\u00e1 a 100 metros de uno de los principales ingresos al lugar.Los operativos se llevaron adelante luego de una investigaci\u00f3n del Juzgado Federal N\u00b04, a cargo del Dr. Ariel Lijo y la Fiscal\u00eda Federal N\u00b01, encabezada por el Dr. Di Lello.<\/p>\n","protected":false},"excerpt":{"rendered":"<p>Los procedimientos fueron encabezados por efectivos de la Divisi\u00f3n Operaciones Norte 7 en cuatro bunkers que fueron desarticulados en las \u00faltimas semanas y que estaban vinculados con la banda de los \u201cSampedranos\u201d, una asociaci\u00f3n il\u00edcita que ten\u00eda como principal base de operaciones el Barrio 31 y que ya hab\u00eda sido desbaratada en otras oportunidades.Los trabajos [&hellip;]<\/p>\n","protected":false},"author":1,"featured_media":1585,"comment_status":"open","ping_status":"open","sticky":false,"template":"","format":"standard","meta":{"_et_pb_use_builder":"","_et_pb_old_content":"","_et_gb_content_width":"","footnotes":""},"categories":[11,32],"tags":[],"class_list":["post-1584","post","type-post","status-publish","format-standard","has-post-thumbnail","hentry","category-ciudad","category-comunas"],"_links":{"self":[{"href":"https:\/\/vocesdebaires.com.ar\/index.php\/wp-json\/wp\/v2\/posts\/1584"}],"collection":[{"href":"https:\/\/vocesdebaires.com.ar\/index.php\/wp-json\/wp\/v2\/posts"}],"about":[{"href":"https:\/\/vocesdebaires.com.ar\/index.php\/wp-json\/wp\/v2\/types\/post"}],"author":[{"embeddable":true,"href":"https:\/\/vocesdebaires.com.ar\/index.php\/wp-json\/wp\/v2\/users\/1"}],"replies":[{"embeddable":true,"href":"https:\/\/vocesdebaires.com.ar\/index.php\/wp-json\/wp\/v2\/comments?post=1584"}],"version-history":[{"count":0,"href":"https:\/\/vocesdebaires.com.ar\/index.php\/wp-json\/wp\/v2\/posts\/1584\/revisions"}],"wp:featuredmedia":[{"embeddable":true,"href":"https:\/\/vocesdebaires.com.ar\/index.php\/wp-json\/wp\/v2\/media\/1585"}],"wp:attachment":[{"href":"https:\/\/vocesdebaires.com.ar\/index.php\/wp-json\/wp\/v2\/media?parent=1584"}],"wp:term":[{"taxonomy":"category","embeddable":true,"href":"https:\/\/vocesdebaires.com.ar\/index.php\/wp-json\/wp\/v2\/categories?post=1584"},{"taxonomy":"post_tag","embeddable":true,"href":"https:\/\/vocesdebaires.com.ar\/index.php\/wp-json\/wp\/v2\/tags?post=1584"}],"curies":[{"name":"wp","href":"https:\/\/api.w.org\/{rel}","templated":true}]}}