{"id":15850,"date":"2013-04-19T13:23:44","date_gmt":"2013-04-19T16:23:44","guid":{"rendered":"http:\/\/vocesdebaires.com.ar\/wordpress\/index.php\/2013\/04\/19\/la-platainundaciones-en-el-centro-del-reclamo\/"},"modified":"2013-04-19T13:23:44","modified_gmt":"2013-04-19T16:23:44","slug":"la-platainundaciones-en-el-centro-del-reclamo","status":"publish","type":"post","link":"https:\/\/vocesdebaires.com.ar\/index.php\/2013\/04\/19\/la-platainundaciones-en-el-centro-del-reclamo\/","title":{"rendered":"La Plata:Inundaciones, en el centro del reclamo"},"content":{"rendered":"<p>Dos semanas despu\u00e9s de las tr\u00e1gicas inundaciones en La Plata, m\u00e1s de 15.000 personas participaron de la protesta contra el Gobierno nacional y el intendente Pablo Bruera, fuertemente cuestionado por su gesti\u00f3n. La manifestaci\u00f3n se instal\u00f3 sobre la calle 12, entre 51 y 35, frente a la Municipalidad platense y de espaldas a la Catedral, donde las principales pancartas advert\u00edan \u201ccon corrupci\u00f3n no hay justicia\u201d y reclamaban \u201cBruera a Tribunales\u201d.<br \/>\n Muchas de las v\u00edctimas del temporal estuvieron en la Plaza Moreno con reclamos tales como \u201cTodav\u00eda estamos inundados, 15 d\u00edas despu\u00e9s\u201d y \u201cNadie nos ayuda\u201d. Hay que recordar que Bruera hab\u00eda anunciado por Twitter que estaba ayudando a los inundados cuando en realidad se encontraba de vacaciones en Brasil. La falta de previsi\u00f3n ante la cat\u00e1strofe que provoc\u00f3 la muerte de 52 personas y p\u00e9rdidas por $ 2.250 millones fue una de las cuestiones que m\u00e1s indign\u00f3 a los manifestantes que llegaron en familia, con chicos. Tambi\u00e9n se vieron muchos jubilados. A las 20 los vecinos cantaron el Himno Nacional y media hora despu\u00e9s improvisaron una marcha alrededor de la plaza, donde se pudo leer un mensaje esperanzador: \u201cLa Plata est\u00e1 de pie\u201d. En tanto, los carteles contra la Casa Rosada inclu\u00edan pedidos de mayor seguridad, libertad, respeto a la Constituci\u00f3n y a favor de la Justicia, y denunciaban la \u201ccorrupci\u00f3n del Gobierno nacional\u201d.<br \/>\n\u00a0<\/p>\n","protected":false},"excerpt":{"rendered":"<p>Dos semanas despu\u00e9s de las tr\u00e1gicas inundaciones en La Plata, m\u00e1s de 15.000 personas participaron de la protesta contra el Gobierno nacional y el intendente Pablo Bruera, fuertemente cuestionado por su gesti\u00f3n. La manifestaci\u00f3n se instal\u00f3 sobre la calle 12, entre 51 y 35, frente a la Municipalidad platense y de espaldas a la Catedral, [&hellip;]<\/p>\n","protected":false},"author":2,"featured_media":15851,"comment_status":"open","ping_status":"open","sticky":false,"template":"","format":"standard","meta":{"_et_pb_use_builder":"","_et_pb_old_content":"","_et_gb_content_width":"","footnotes":""},"categories":[12,34],"tags":[],"class_list":["post-15850","post","type-post","status-publish","format-standard","has-post-thumbnail","hentry","category-nacion","category-politica"],"_links":{"self":[{"href":"https:\/\/vocesdebaires.com.ar\/index.php\/wp-json\/wp\/v2\/posts\/15850"}],"collection":[{"href":"https:\/\/vocesdebaires.com.ar\/index.php\/wp-json\/wp\/v2\/posts"}],"about":[{"href":"https:\/\/vocesdebaires.com.ar\/index.php\/wp-json\/wp\/v2\/types\/post"}],"author":[{"embeddable":true,"href":"https:\/\/vocesdebaires.com.ar\/index.php\/wp-json\/wp\/v2\/users\/2"}],"replies":[{"embeddable":true,"href":"https:\/\/vocesdebaires.com.ar\/index.php\/wp-json\/wp\/v2\/comments?post=15850"}],"version-history":[{"count":0,"href":"https:\/\/vocesdebaires.com.ar\/index.php\/wp-json\/wp\/v2\/posts\/15850\/revisions"}],"wp:featuredmedia":[{"embeddable":true,"href":"https:\/\/vocesdebaires.com.ar\/index.php\/wp-json\/wp\/v2\/media\/15851"}],"wp:attachment":[{"href":"https:\/\/vocesdebaires.com.ar\/index.php\/wp-json\/wp\/v2\/media?parent=15850"}],"wp:term":[{"taxonomy":"category","embeddable":true,"href":"https:\/\/vocesdebaires.com.ar\/index.php\/wp-json\/wp\/v2\/categories?post=15850"},{"taxonomy":"post_tag","embeddable":true,"href":"https:\/\/vocesdebaires.com.ar\/index.php\/wp-json\/wp\/v2\/tags?post=15850"}],"curies":[{"name":"wp","href":"https:\/\/api.w.org\/{rel}","templated":true}]}}