{"id":15895,"date":"2013-04-23T13:54:30","date_gmt":"2013-04-23T16:54:30","guid":{"rendered":"http:\/\/vocesdebaires.com.ar\/wordpress\/index.php\/2013\/04\/23\/anticipo-la-legislatura-en-la-feria-del-libro\/"},"modified":"2013-04-23T13:54:30","modified_gmt":"2013-04-23T16:54:30","slug":"anticipo-la-legislatura-en-la-feria-del-libro","status":"publish","type":"post","link":"https:\/\/vocesdebaires.com.ar\/index.php\/2013\/04\/23\/anticipo-la-legislatura-en-la-feria-del-libro\/","title":{"rendered":"Anticipo: La Legislatura en la Feria del Libro"},"content":{"rendered":"<p>La Legislatura porte\u00f1a estar\u00e1 presente con un stand propio en la pr\u00f3xima edici\u00f3n de la Feria Internacional del Libro. En el pabell\u00f3n Ocre de las instalaciones de la Sociedad Rural, del 25 de abril al 13 de mayo, el p\u00fablico podr\u00e1 informarse sobre el proceso de formaci\u00f3n de leyes mediante juegos interactivos y did\u00e1cticos. Tambi\u00e9n se dictar\u00e1n conferencias, participar\u00e1n invitados especiales y se entregar\u00e1 folleter\u00eda e impresos de importancia institucional y educativa. Aquellos que visiten la Feria del Libro en su 39\u00b0 edici\u00f3n podr\u00e1n acceder al stand 3004 asignado a la Legislatura de la Ciudad de Buenos Aires, en el pabell\u00f3n Ocre que se destin\u00f3 en su mayor\u00eda a las diversas provincias del pa\u00eds.<br \/>\nLa inauguraci\u00f3n oficial est\u00e1 prevista para el pr\u00f3ximo jueves 25 de abril a las 17:30 y ser\u00e1 la segunda incursi\u00f3n de la Legislatura con un stand propio en tan relevante evento. En esta oportunidad se ofrecer\u00e1 a quienes visiten el stand la posibilidad de conocer y recorrer las instalaciones de la Legislatura a trav\u00e9s de unos monitores t\u00e1ctiles, que en formato de &quot;realidad aumentada&quot; permiten trasladarse virtualmente a los tradicionales salones del Palacio legislativo, entre ellos el Sal\u00f3n Dorado, el Sal\u00f3n Eva Per\u00f3n, el Vestidor de Evita y el emblem\u00e1tico Recinto de Sesiones. La aplicaci\u00f3n tambi\u00e9n permite la exposici\u00f3n de las \u00e1reas que tienen mayor contacto con la comunidad (Cultura, Participaci\u00f3n Ciudadana, Biblioteca, Hemeroteca, Centro de Documentaci\u00f3n -Cedom, entre otros).<br \/>\nEl espacio contar\u00e1 con la presencia de Diputados de la Ciudad quienes brindar\u00e1n conferencias y ofrecer\u00e1n libros, algunos de su autor\u00eda, y repartir\u00e1n la Constituci\u00f3n de la Ciudad y una &quot;Recopilaci\u00f3n de Leyes&quot; que se divide en 4 tomos y que abarca diversos temas: el Libro I &quot;Leyes Institucionales&quot;; el Libro II &quot;Ciudadan\u00eda Plena y Servicios Sociales&quot;; el Libro III &quot;Transporte y Tr\u00e1nsito Urbano, Seguridad Ciudadana, Espacio P\u00fablico&quot; y el Libro IV &quot;Salud&quot;. Asimismo, los visitantes de la feria podr\u00e1n conocer el circuito de formaci\u00f3n y sanci\u00f3n de leyes y de manera interactiva, a trav\u00e9s de una serie de trivias, comprobar conocimientos adquiridos.<br \/>\nAdem\u00e1s, se desarrollar\u00e1n distintas actividades orientadas a la participaci\u00f3n ciudadana, como lo es el programa &quot;La Legislatura y la Escuela&quot;. Este programa se basa en la realizaci\u00f3n de sesiones especiales, en las que alumnos de escuelas primarias y estudiantes secundarios de la Ciudad participan cumpliendo el rol de legisladores, canalizando as\u00ed, a trav\u00e9s del debate democr\u00e1tico, las propuestas que hubieren surgido de sus propias iniciativas en los establecimientos educativos a los que pertenezcan.\u00a0 Tambi\u00e9n habr\u00e1 un espacio destinado al concurso de cuentos literarios &quot;Yo te cuento Buenos Aires&quot; que propone la publicaci\u00f3n de una antolog\u00eda de 26 cuentos de narradores in\u00e9ditos argentinos. Por otra parte, el organista Carlos Morelli brindar\u00e1 una charla sobre la historia del Carill\u00f3n de la Legislatura, un instrumento musical de 30 notas -cada nota, una campana- que se ejecuta por medio de una pianola y que es uno de los m\u00e1s importantes de Am\u00e9rica.<br \/>\n\u00a0<\/p>\n","protected":false},"excerpt":{"rendered":"<p>La Legislatura porte\u00f1a estar\u00e1 presente con un stand propio en la pr\u00f3xima edici\u00f3n de la Feria Internacional del Libro. En el pabell\u00f3n Ocre de las instalaciones de la Sociedad Rural, del 25 de abril al 13 de mayo, el p\u00fablico podr\u00e1 informarse sobre el proceso de formaci\u00f3n de leyes mediante juegos interactivos y did\u00e1cticos. Tambi\u00e9n [&hellip;]<\/p>\n","protected":false},"author":2,"featured_media":15896,"comment_status":"open","ping_status":"open","sticky":false,"template":"","format":"standard","meta":{"_et_pb_use_builder":"","_et_pb_old_content":"","_et_gb_content_width":"","footnotes":""},"categories":[11,33],"tags":[],"class_list":["post-15895","post","type-post","status-publish","format-standard","has-post-thumbnail","hentry","category-ciudad","category-sociedad-y-cultura-2"],"_links":{"self":[{"href":"https:\/\/vocesdebaires.com.ar\/index.php\/wp-json\/wp\/v2\/posts\/15895"}],"collection":[{"href":"https:\/\/vocesdebaires.com.ar\/index.php\/wp-json\/wp\/v2\/posts"}],"about":[{"href":"https:\/\/vocesdebaires.com.ar\/index.php\/wp-json\/wp\/v2\/types\/post"}],"author":[{"embeddable":true,"href":"https:\/\/vocesdebaires.com.ar\/index.php\/wp-json\/wp\/v2\/users\/2"}],"replies":[{"embeddable":true,"href":"https:\/\/vocesdebaires.com.ar\/index.php\/wp-json\/wp\/v2\/comments?post=15895"}],"version-history":[{"count":0,"href":"https:\/\/vocesdebaires.com.ar\/index.php\/wp-json\/wp\/v2\/posts\/15895\/revisions"}],"wp:featuredmedia":[{"embeddable":true,"href":"https:\/\/vocesdebaires.com.ar\/index.php\/wp-json\/wp\/v2\/media\/15896"}],"wp:attachment":[{"href":"https:\/\/vocesdebaires.com.ar\/index.php\/wp-json\/wp\/v2\/media?parent=15895"}],"wp:term":[{"taxonomy":"category","embeddable":true,"href":"https:\/\/vocesdebaires.com.ar\/index.php\/wp-json\/wp\/v2\/categories?post=15895"},{"taxonomy":"post_tag","embeddable":true,"href":"https:\/\/vocesdebaires.com.ar\/index.php\/wp-json\/wp\/v2\/tags?post=15895"}],"curies":[{"name":"wp","href":"https:\/\/api.w.org\/{rel}","templated":true}]}}