{"id":15933,"date":"2013-04-25T15:42:30","date_gmt":"2013-04-25T18:42:30","guid":{"rendered":"http:\/\/vocesdebaires.com.ar\/wordpress\/index.php\/2013\/04\/25\/rejas-llegan-ahora-al-parque-lezama-y-hay-quejas\/"},"modified":"2013-04-25T15:42:30","modified_gmt":"2013-04-25T18:42:30","slug":"rejas-llegan-ahora-al-parque-lezama-y-hay-quejas","status":"publish","type":"post","link":"https:\/\/vocesdebaires.com.ar\/index.php\/2013\/04\/25\/rejas-llegan-ahora-al-parque-lezama-y-hay-quejas\/","title":{"rendered":"Rejas llegan ahora al Parque Lezama y hay quejas"},"content":{"rendered":"<p>Vecinos de los barrios de San Telmo, La Boca y Barracas rechazaron el proyecto del Gobierno porte\u00f1o que propone enrejar el Parque Lezama y exigieron medidas para garantizar el buen estado y la seguridad del lugar. La protesta ocurri\u00f3 luego que las autoridades no se habr\u00edan presentado a una reuni\u00f3n para explicarles a los vecinos los alcances de los proyectos de enrejado y puesta en valor del parque. La iniciativa oficial consiste en colocar rejas por cuestiones de seguridad y tambi\u00e9n para evitar un deterioro del espacio verde mayor al actual.<br \/>\n En la frustrada charla del Ministerio de Ambiente y Espacio P\u00fablico, de la que iban a participar distintas organizaciones sociales y culturales de los barrios de San Telmo, La Boca y Barracas, se presentar\u00eda el proyecto de enrejado del 80% del Parque Lezama con entradas en las esquinas. El croquis oficial tambi\u00e9n incluye la creaci\u00f3n de un espejo de agua en lugar del anfiteatro, la eliminaci\u00f3n de las canchas de f\u00fatbol ubicadas sobre la calle Mart\u00edn Garc\u00eda y un rosedal en la parte de las gradas entre otros puntos. As\u00ed, la idea es recuperar el aspecto del parque en la d\u00e9cada del 30.<br \/>\n \u201cLas rejas no van a solucionar nada, no resuelven el problema de fondo que es la inseguridad, el acceso a la vivienda, la falta de trabajo. Tiene que haber pol\u00edticas de fondo que solucionen los problemas de la gente\u201d, opin\u00f3 Mario Gonz\u00e1lez, vecino de la asamblea. Daniela Tagliafico explic\u00f3 que el Gobierno porte\u00f1o \u201ctiene previsto llamar a licitaci\u00f3n la pr\u00f3xima semana para enrejar el Parque, luego de dos reuniones que efectu\u00f3 en la que no dio aviso a las organizaciones sociales y culturales del barrio que disfrutamos del predio\u201d. Adem\u00e1s, opin\u00f3 que \u201ccolocar un espejo de agua en lugar del anfiteatro es una barbaridad, ya que ese lugar los vecinos lo utilizamos para realizar eventos culturales y ferias que son abiertos a toda la comunidad\u201d.<br \/>\n\u00a0<\/p>\n","protected":false},"excerpt":{"rendered":"<p>Vecinos de los barrios de San Telmo, La Boca y Barracas rechazaron el proyecto del Gobierno porte\u00f1o que propone enrejar el Parque Lezama y exigieron medidas para garantizar el buen estado y la seguridad del lugar. La protesta ocurri\u00f3 luego que las autoridades no se habr\u00edan presentado a una reuni\u00f3n para explicarles a los vecinos [&hellip;]<\/p>\n","protected":false},"author":2,"featured_media":15934,"comment_status":"open","ping_status":"open","sticky":false,"template":"","format":"standard","meta":{"_et_pb_use_builder":"","_et_pb_old_content":"","_et_gb_content_width":"","footnotes":""},"categories":[11,32],"tags":[],"class_list":["post-15933","post","type-post","status-publish","format-standard","has-post-thumbnail","hentry","category-ciudad","category-comunas"],"_links":{"self":[{"href":"https:\/\/vocesdebaires.com.ar\/index.php\/wp-json\/wp\/v2\/posts\/15933"}],"collection":[{"href":"https:\/\/vocesdebaires.com.ar\/index.php\/wp-json\/wp\/v2\/posts"}],"about":[{"href":"https:\/\/vocesdebaires.com.ar\/index.php\/wp-json\/wp\/v2\/types\/post"}],"author":[{"embeddable":true,"href":"https:\/\/vocesdebaires.com.ar\/index.php\/wp-json\/wp\/v2\/users\/2"}],"replies":[{"embeddable":true,"href":"https:\/\/vocesdebaires.com.ar\/index.php\/wp-json\/wp\/v2\/comments?post=15933"}],"version-history":[{"count":0,"href":"https:\/\/vocesdebaires.com.ar\/index.php\/wp-json\/wp\/v2\/posts\/15933\/revisions"}],"wp:featuredmedia":[{"embeddable":true,"href":"https:\/\/vocesdebaires.com.ar\/index.php\/wp-json\/wp\/v2\/media\/15934"}],"wp:attachment":[{"href":"https:\/\/vocesdebaires.com.ar\/index.php\/wp-json\/wp\/v2\/media?parent=15933"}],"wp:term":[{"taxonomy":"category","embeddable":true,"href":"https:\/\/vocesdebaires.com.ar\/index.php\/wp-json\/wp\/v2\/categories?post=15933"},{"taxonomy":"post_tag","embeddable":true,"href":"https:\/\/vocesdebaires.com.ar\/index.php\/wp-json\/wp\/v2\/tags?post=15933"}],"curies":[{"name":"wp","href":"https:\/\/api.w.org\/{rel}","templated":true}]}}